{"id":83178,"date":"2020-11-05T12:18:41","date_gmt":"2020-11-05T15:18:41","guid":{"rendered":"https:\/\/eldiariodesanpedro.com.ar\/sitio\/?p=83178"},"modified":"2020-11-05T12:18:45","modified_gmt":"2020-11-05T15:18:45","slug":"dos-detenidos-por-diferentes-hechos","status":"publish","type":"post","link":"https:\/\/eldiariodesanpedro.com.ar\/sitio\/dos-detenidos-por-diferentes-hechos\/","title":{"rendered":"Dos detenidos por diferentes hechos"},"content":{"rendered":"<!-- VideographyWP Plugin Message: Automatic video embedding prevented by plugin options. -->\n\n<p>En la tarde de este mi\u00e9rcoles se realiz\u00f3 la aprehensi\u00f3n de dos ciudadanos por diferentes hechos, uno por tenencia de estupefacientes y otro por pedidos de captura activo.&nbsp;<\/p>\n\n\n\n<p>La polic\u00eda de nuestra comisar\u00eda en calle&nbsp; Belgrano y Bozzano&nbsp; procedi\u00f3 al traslado de masculino de 26 a\u00f1os de edad, a quien se le secuestr\u00f3 en su poder envoltorio de nylon conteniendo en su interior sustancia marihuana.&nbsp;<\/p>\n\n\n\n<p>En la tarde de ayer el personal policial de calle Auli y Combate de Obligado ciudad, procede al traslado de masculino de 45 a\u00f1os de edad, a sede policial, quien en atenci\u00f3n a lo informado por la red inform\u00e1tica de esta Polic\u00eda, registra \u201cpedido de captura activo\u201d por hecho de robo agravado desde el a\u00f1o 2013,&nbsp; a requerimiento de la justicia de San Nicol\u00e1s.&nbsp;<\/p>\n\n\n\n<p>Se cumplieron recaudos legales dispuestos por la justicia local en ambos casos y posterior libertad.<\/p>\n","protected":false},"excerpt":{"rendered":"<p>En la tarde de este mi\u00e9rcoles se realiz\u00f3 la aprehensi\u00f3n de dos ciudadanos por diferentes hechos, uno por tenencia de estupefacientes y otro por pedidos de captura activo.&nbsp; La polic\u00eda de nuestra comisar\u00eda en calle&nbsp; Belgrano y Bozzano&nbsp; procedi\u00f3 al traslado de masculino de 26 a\u00f1os de edad, a quien se le secuestr\u00f3 en su [&hellip;]<\/p>\n","protected":false},"author":4,"featured_media":80172,"comment_status":"open","ping_status":"closed","sticky":false,"template":"","format":"standard","meta":{"om_disable_all_campaigns":false,"_jetpack_memberships_contains_paid_content":false,"footnotes":""},"categories":[2,103],"tags":[197,33,95,1040],"class_list":["post-83178","post","type-post","status-publish","format-standard","has-post-thumbnail","hentry","category-locales","category-policiales-locales","tag-buenos-aires","tag-locales","tag-policiales","tag-san-pedro-buenos-aires"],"aioseo_notices":[],"gutentor_comment":0,"jetpack_featured_media_url":"https:\/\/eldiariodesanpedro.com.ar\/sitio\/wp-content\/uploads\/2020\/08\/lvp.lvp_.img_nv000592.jpg","jetpack_shortlink":"https:\/\/wp.me\/p6RhLt-lDA","jetpack_sharing_enabled":true,"_links":{"self":[{"href":"https:\/\/eldiariodesanpedro.com.ar\/sitio\/wp-json\/wp\/v2\/posts\/83178","targetHints":{"allow":["GET"]}}],"collection":[{"href":"https:\/\/eldiariodesanpedro.com.ar\/sitio\/wp-json\/wp\/v2\/posts"}],"about":[{"href":"https:\/\/eldiariodesanpedro.com.ar\/sitio\/wp-json\/wp\/v2\/types\/post"}],"author":[{"embeddable":true,"href":"https:\/\/eldiariodesanpedro.com.ar\/sitio\/wp-json\/wp\/v2\/users\/4"}],"replies":[{"embeddable":true,"href":"https:\/\/eldiariodesanpedro.com.ar\/sitio\/wp-json\/wp\/v2\/comments?post=83178"}],"version-history":[{"count":1,"href":"https:\/\/eldiariodesanpedro.com.ar\/sitio\/wp-json\/wp\/v2\/posts\/83178\/revisions"}],"predecessor-version":[{"id":83179,"href":"https:\/\/eldiariodesanpedro.com.ar\/sitio\/wp-json\/wp\/v2\/posts\/83178\/revisions\/83179"}],"wp:featuredmedia":[{"embeddable":true,"href":"https:\/\/eldiariodesanpedro.com.ar\/sitio\/wp-json\/wp\/v2\/media\/80172"}],"wp:attachment":[{"href":"https:\/\/eldiariodesanpedro.com.ar\/sitio\/wp-json\/wp\/v2\/media?parent=83178"}],"wp:term":[{"taxonomy":"category","embeddable":true,"href":"https:\/\/eldiariodesanpedro.com.ar\/sitio\/wp-json\/wp\/v2\/categories?post=83178"},{"taxonomy":"post_tag","embeddable":true,"href":"https:\/\/eldiariodesanpedro.com.ar\/sitio\/wp-json\/wp\/v2\/tags?post=83178"}],"curies":[{"name":"wp","href":"https:\/\/api.w.org\/{rel}","templated":true}]}}