{"id":83172,"date":"2020-11-05T12:11:10","date_gmt":"2020-11-05T15:11:10","guid":{"rendered":"https:\/\/eldiariodesanpedro.com.ar\/sitio\/?p=83172"},"modified":"2020-11-05T12:11:11","modified_gmt":"2020-11-05T15:11:11","slug":"arrebato-y-lastimo-a-una-nina-de-14-anos-para-robarle-el-celular","status":"publish","type":"post","link":"https:\/\/eldiariodesanpedro.com.ar\/sitio\/arrebato-y-lastimo-a-una-nina-de-14-anos-para-robarle-el-celular\/","title":{"rendered":"Arrebat\u00f3 y lastim\u00f3 a una ni\u00f1a de 14 a\u00f1os para robarle el celular"},"content":{"rendered":"<!-- VideographyWP Plugin Message: Automatic video embedding prevented by plugin options. -->\n\n<p>En la tarde de ayer personal policial de la comisar\u00eda alertado por un llamado al 911 y tras r\u00e1pido proceder en Cruz Roja al 500 procede al secuestro de un tel\u00e9fono celular que abandon\u00f3 un delincuente en la huida.&nbsp;<\/p>\n\n\n\n<p>El hecho ocurri\u00f3 en calle Hermano Indio al 450, cuando un delincuente le arrebat\u00f3 el celular a&nbsp; una ni\u00f1a de 14 a\u00f1os de edad quedando lesionada tras forcejear.&nbsp;<\/p>\n\n\n\n<p>La v\u00edctima sufri\u00f3 lesiones leves y el delincuente al ser&nbsp; advertido por la polic\u00eda, abandon\u00f3 el bien sustra\u00eddo, d\u00e1ndose a la fuga.<\/p>\n","protected":false},"excerpt":{"rendered":"<p>En la tarde de ayer personal policial de la comisar\u00eda alertado por un llamado al 911 y tras r\u00e1pido proceder en Cruz Roja al 500 procede al secuestro de un tel\u00e9fono celular que abandon\u00f3 un delincuente en la huida.&nbsp; El hecho ocurri\u00f3 en calle Hermano Indio al 450, cuando un delincuente le arrebat\u00f3 el celular [&hellip;]<\/p>\n","protected":false},"author":4,"featured_media":83173,"comment_status":"open","ping_status":"closed","sticky":false,"template":"","format":"standard","meta":{"om_disable_all_campaigns":false,"_jetpack_memberships_contains_paid_content":false,"footnotes":""},"categories":[2,103],"tags":[197,33,95,19],"class_list":["post-83172","post","type-post","status-publish","format-standard","has-post-thumbnail","hentry","category-locales","category-policiales-locales","tag-buenos-aires","tag-locales","tag-policiales","tag-san-pedro"],"aioseo_notices":[],"gutentor_comment":0,"jetpack_featured_media_url":"https:\/\/eldiariodesanpedro.com.ar\/sitio\/wp-content\/uploads\/2020\/11\/WhatsApp-Image-2020-11-05-at-12.07.31.jpeg","jetpack_shortlink":"https:\/\/wp.me\/p6RhLt-lDu","jetpack_sharing_enabled":true,"_links":{"self":[{"href":"https:\/\/eldiariodesanpedro.com.ar\/sitio\/wp-json\/wp\/v2\/posts\/83172","targetHints":{"allow":["GET"]}}],"collection":[{"href":"https:\/\/eldiariodesanpedro.com.ar\/sitio\/wp-json\/wp\/v2\/posts"}],"about":[{"href":"https:\/\/eldiariodesanpedro.com.ar\/sitio\/wp-json\/wp\/v2\/types\/post"}],"author":[{"embeddable":true,"href":"https:\/\/eldiariodesanpedro.com.ar\/sitio\/wp-json\/wp\/v2\/users\/4"}],"replies":[{"embeddable":true,"href":"https:\/\/eldiariodesanpedro.com.ar\/sitio\/wp-json\/wp\/v2\/comments?post=83172"}],"version-history":[{"count":1,"href":"https:\/\/eldiariodesanpedro.com.ar\/sitio\/wp-json\/wp\/v2\/posts\/83172\/revisions"}],"predecessor-version":[{"id":83174,"href":"https:\/\/eldiariodesanpedro.com.ar\/sitio\/wp-json\/wp\/v2\/posts\/83172\/revisions\/83174"}],"wp:featuredmedia":[{"embeddable":true,"href":"https:\/\/eldiariodesanpedro.com.ar\/sitio\/wp-json\/wp\/v2\/media\/83173"}],"wp:attachment":[{"href":"https:\/\/eldiariodesanpedro.com.ar\/sitio\/wp-json\/wp\/v2\/media?parent=83172"}],"wp:term":[{"taxonomy":"category","embeddable":true,"href":"https:\/\/eldiariodesanpedro.com.ar\/sitio\/wp-json\/wp\/v2\/categories?post=83172"},{"taxonomy":"post_tag","embeddable":true,"href":"https:\/\/eldiariodesanpedro.com.ar\/sitio\/wp-json\/wp\/v2\/tags?post=83172"}],"curies":[{"name":"wp","href":"https:\/\/api.w.org\/{rel}","templated":true}]}}