{"id":83167,"date":"2020-11-05T12:01:13","date_gmt":"2020-11-05T15:01:13","guid":{"rendered":"https:\/\/eldiariodesanpedro.com.ar\/sitio\/?p=83167"},"modified":"2020-11-05T12:01:16","modified_gmt":"2020-11-05T15:01:16","slug":"lo-aprehendieron-salio-y-a-una-cuadra-robo-una-moto-y-fue-detenido-nuevamente","status":"publish","type":"post","link":"https:\/\/eldiariodesanpedro.com.ar\/sitio\/lo-aprehendieron-salio-y-a-una-cuadra-robo-una-moto-y-fue-detenido-nuevamente\/","title":{"rendered":"Lo aprehendieron, sali\u00f3 y a una cuadra robo una moto y fue detenido nuevamente"},"content":{"rendered":"<!-- VideographyWP Plugin Message: Automatic video embedding prevented by plugin options. -->\n\n<p>Este mi\u00e9rcoles por la noche un delincuente con antecedentes fue aprendido por estupefacientes trasladado a la comisar\u00eda local y tras recuperar la libertad se acerc\u00f3 hasta el nosocomio local donde rob\u00f3 una motocicleta y minutos m\u00e1s tarde fue detenido nuevamente.<\/p>\n\n\n\n<p>En la tarde noche de ayer, el personal policial de la comisar\u00eda se hizo presente en recorrida preventiva en calle San Martin al 3000 donde proceden al traslado de masculino de 25 a\u00f1os de edad, a quien se le secuestr\u00f3 en su poder 1 envoltorio de nylon conteniendo sustancia marihuana, tras cumlir los recaudos legales de la justicia este sujeto se retir\u00f3 de la comisar\u00eda imputado del delito de \u201ctenencia ilegal de estupefacientes\u201d.&nbsp;<\/p>\n\n\n\n<p>Minutos despu\u00e9s la polic\u00eda fue alertada del robo de una motocicleta a una ciudadana que la hab\u00eda dejado estacionada en la guardia del hospital, mientras concurr\u00eda por cuestiones de salud.&nbsp;<\/p>\n\n\n\n<p>En un r\u00e1pido proceder policial, lograron recuperar la motocicleta que se encontraba en poder del mismo sujeto delincuente que fugaba velozmente a bordo de la misma, por calle&nbsp; Miguel Porta bis al 1800. La motocicleta hab\u00eda sido violentada en sus pl\u00e1sticos cobertores y sistema de ignici\u00f3n para consumar el hecho.<\/p>\n\n\n\n<p>En esta ocasi\u00f3n el delincuente qued\u00f3 detenido, y permanece en sede policial a disposici\u00f3n de la justicia local, la moto periciada fue restituida a su due\u00f1a, una sampedrina de 30 a\u00f1os de edad.<\/p>\n\n\n\n<figure class=\"wp-block-image size-large\"><img decoding=\"async\" width=\"768\" height=\"1024\" data-attachment-id=\"83168\" data-permalink=\"https:\/\/eldiariodesanpedro.com.ar\/sitio\/lo-aprehendieron-salio-y-a-una-cuadra-robo-una-moto-y-fue-detenido-nuevamente\/whatsapp-image-2020-11-05-at-11-58-03\/\" data-orig-file=\"https:\/\/eldiariodesanpedro.com.ar\/sitio\/wp-content\/uploads\/2020\/11\/WhatsApp-Image-2020-11-05-at-11.58.03.jpeg\" data-orig-size=\"960,1280\" data-comments-opened=\"1\" data-image-meta=\"{&quot;aperture&quot;:&quot;0&quot;,&quot;credit&quot;:&quot;&quot;,&quot;camera&quot;:&quot;&quot;,&quot;caption&quot;:&quot;&quot;,&quot;created_timestamp&quot;:&quot;0&quot;,&quot;copyright&quot;:&quot;&quot;,&quot;focal_length&quot;:&quot;0&quot;,&quot;iso&quot;:&quot;0&quot;,&quot;shutter_speed&quot;:&quot;0&quot;,&quot;title&quot;:&quot;&quot;,&quot;orientation&quot;:&quot;0&quot;}\" data-image-title=\"WhatsApp Image 2020-11-05 at 11.58.03\" data-image-description=\"\" data-image-caption=\"\" data-large-file=\"https:\/\/eldiariodesanpedro.com.ar\/sitio\/wp-content\/uploads\/2020\/11\/WhatsApp-Image-2020-11-05-at-11.58.03-768x1024.jpeg\" data-src=\"https:\/\/eldiariodesanpedro.com.ar\/sitio\/wp-content\/uploads\/2020\/11\/WhatsApp-Image-2020-11-05-at-11.58.03-768x1024.jpeg\" alt=\"\" class=\"wp-image-83168 lazyload\" data-srcset=\"https:\/\/eldiariodesanpedro.com.ar\/sitio\/wp-content\/uploads\/2020\/11\/WhatsApp-Image-2020-11-05-at-11.58.03-768x1024.jpeg 768w, https:\/\/eldiariodesanpedro.com.ar\/sitio\/wp-content\/uploads\/2020\/11\/WhatsApp-Image-2020-11-05-at-11.58.03-225x300.jpeg 225w, https:\/\/eldiariodesanpedro.com.ar\/sitio\/wp-content\/uploads\/2020\/11\/WhatsApp-Image-2020-11-05-at-11.58.03.jpeg 960w\" data-sizes=\"(max-width: 768px) 100vw, 768px\" src=\"data:image\/svg+xml;base64,PHN2ZyB3aWR0aD0iMSIgaGVpZ2h0PSIxIiB4bWxucz0iaHR0cDovL3d3dy53My5vcmcvMjAwMC9zdmciPjwvc3ZnPg==\" style=\"--smush-placeholder-width: 768px; --smush-placeholder-aspect-ratio: 768\/1024;\" \/><\/figure>\n\n\n\n<figure class=\"wp-block-image size-large\"><img decoding=\"async\" width=\"1024\" height=\"768\" data-attachment-id=\"83170\" data-permalink=\"https:\/\/eldiariodesanpedro.com.ar\/sitio\/lo-aprehendieron-salio-y-a-una-cuadra-robo-una-moto-y-fue-detenido-nuevamente\/whatsapp-image-2020-11-05-at-11-58-25\/\" data-orig-file=\"https:\/\/eldiariodesanpedro.com.ar\/sitio\/wp-content\/uploads\/2020\/11\/WhatsApp-Image-2020-11-05-at-11.58.25.jpeg\" data-orig-size=\"1280,960\" data-comments-opened=\"1\" data-image-meta=\"{&quot;aperture&quot;:&quot;0&quot;,&quot;credit&quot;:&quot;&quot;,&quot;camera&quot;:&quot;&quot;,&quot;caption&quot;:&quot;&quot;,&quot;created_timestamp&quot;:&quot;0&quot;,&quot;copyright&quot;:&quot;&quot;,&quot;focal_length&quot;:&quot;0&quot;,&quot;iso&quot;:&quot;0&quot;,&quot;shutter_speed&quot;:&quot;0&quot;,&quot;title&quot;:&quot;&quot;,&quot;orientation&quot;:&quot;0&quot;}\" data-image-title=\"WhatsApp Image 2020-11-05 at 11.58.25\" data-image-description=\"\" data-image-caption=\"\" data-large-file=\"https:\/\/eldiariodesanpedro.com.ar\/sitio\/wp-content\/uploads\/2020\/11\/WhatsApp-Image-2020-11-05-at-11.58.25-1024x768.jpeg\" data-src=\"https:\/\/eldiariodesanpedro.com.ar\/sitio\/wp-content\/uploads\/2020\/11\/WhatsApp-Image-2020-11-05-at-11.58.25-1024x768.jpeg\" alt=\"\" class=\"wp-image-83170 lazyload\" data-srcset=\"https:\/\/eldiariodesanpedro.com.ar\/sitio\/wp-content\/uploads\/2020\/11\/WhatsApp-Image-2020-11-05-at-11.58.25-1024x768.jpeg 1024w, https:\/\/eldiariodesanpedro.com.ar\/sitio\/wp-content\/uploads\/2020\/11\/WhatsApp-Image-2020-11-05-at-11.58.25-300x225.jpeg 300w, https:\/\/eldiariodesanpedro.com.ar\/sitio\/wp-content\/uploads\/2020\/11\/WhatsApp-Image-2020-11-05-at-11.58.25-768x576.jpeg 768w, https:\/\/eldiariodesanpedro.com.ar\/sitio\/wp-content\/uploads\/2020\/11\/WhatsApp-Image-2020-11-05-at-11.58.25-500x375.jpeg 500w, https:\/\/eldiariodesanpedro.com.ar\/sitio\/wp-content\/uploads\/2020\/11\/WhatsApp-Image-2020-11-05-at-11.58.25.jpeg 1280w\" data-sizes=\"(max-width: 1024px) 100vw, 1024px\" src=\"data:image\/svg+xml;base64,PHN2ZyB3aWR0aD0iMSIgaGVpZ2h0PSIxIiB4bWxucz0iaHR0cDovL3d3dy53My5vcmcvMjAwMC9zdmciPjwvc3ZnPg==\" style=\"--smush-placeholder-width: 1024px; --smush-placeholder-aspect-ratio: 1024\/768;\" \/><\/figure>\n","protected":false},"excerpt":{"rendered":"<p>Este mi\u00e9rcoles por la noche un delincuente con antecedentes fue aprendido por estupefacientes trasladado a la comisar\u00eda local y tras recuperar la libertad se acerc\u00f3 hasta el nosocomio local donde rob\u00f3 una motocicleta y minutos m\u00e1s tarde fue detenido nuevamente. En la tarde noche de ayer, el personal policial de la comisar\u00eda se hizo presente [&hellip;]<\/p>\n","protected":false},"author":4,"featured_media":83169,"comment_status":"open","ping_status":"closed","sticky":false,"template":"","format":"standard","meta":{"om_disable_all_campaigns":false,"_jetpack_memberships_contains_paid_content":false,"footnotes":""},"categories":[50,2,103],"tags":[197,33,95,19],"class_list":["post-83167","post","type-post","status-publish","format-standard","has-post-thumbnail","hentry","category-destacadas","category-locales","category-policiales-locales","tag-buenos-aires","tag-locales","tag-policiales","tag-san-pedro"],"aioseo_notices":[],"gutentor_comment":0,"jetpack_featured_media_url":"https:\/\/eldiariodesanpedro.com.ar\/sitio\/wp-content\/uploads\/2020\/11\/WhatsApp-Image-2020-11-05-at-11.58.16.jpeg","jetpack_shortlink":"https:\/\/wp.me\/p6RhLt-lDp","jetpack_sharing_enabled":true,"_links":{"self":[{"href":"https:\/\/eldiariodesanpedro.com.ar\/sitio\/wp-json\/wp\/v2\/posts\/83167","targetHints":{"allow":["GET"]}}],"collection":[{"href":"https:\/\/eldiariodesanpedro.com.ar\/sitio\/wp-json\/wp\/v2\/posts"}],"about":[{"href":"https:\/\/eldiariodesanpedro.com.ar\/sitio\/wp-json\/wp\/v2\/types\/post"}],"author":[{"embeddable":true,"href":"https:\/\/eldiariodesanpedro.com.ar\/sitio\/wp-json\/wp\/v2\/users\/4"}],"replies":[{"embeddable":true,"href":"https:\/\/eldiariodesanpedro.com.ar\/sitio\/wp-json\/wp\/v2\/comments?post=83167"}],"version-history":[{"count":1,"href":"https:\/\/eldiariodesanpedro.com.ar\/sitio\/wp-json\/wp\/v2\/posts\/83167\/revisions"}],"predecessor-version":[{"id":83171,"href":"https:\/\/eldiariodesanpedro.com.ar\/sitio\/wp-json\/wp\/v2\/posts\/83167\/revisions\/83171"}],"wp:featuredmedia":[{"embeddable":true,"href":"https:\/\/eldiariodesanpedro.com.ar\/sitio\/wp-json\/wp\/v2\/media\/83169"}],"wp:attachment":[{"href":"https:\/\/eldiariodesanpedro.com.ar\/sitio\/wp-json\/wp\/v2\/media?parent=83167"}],"wp:term":[{"taxonomy":"category","embeddable":true,"href":"https:\/\/eldiariodesanpedro.com.ar\/sitio\/wp-json\/wp\/v2\/categories?post=83167"},{"taxonomy":"post_tag","embeddable":true,"href":"https:\/\/eldiariodesanpedro.com.ar\/sitio\/wp-json\/wp\/v2\/tags?post=83167"}],"curies":[{"name":"wp","href":"https:\/\/api.w.org\/{rel}","templated":true}]}}