{"id":83163,"date":"2020-11-05T11:52:25","date_gmt":"2020-11-05T14:52:25","guid":{"rendered":"https:\/\/eldiariodesanpedro.com.ar\/sitio\/?p=83163"},"modified":"2020-11-05T11:52:30","modified_gmt":"2020-11-05T14:52:30","slug":"detienen-a-un-delincuente-condenado-por-homicidio-agravado-que-tenia-libertad-condicional-y-andaba-armado-en-la-calle","status":"publish","type":"post","link":"https:\/\/eldiariodesanpedro.com.ar\/sitio\/detienen-a-un-delincuente-condenado-por-homicidio-agravado-que-tenia-libertad-condicional-y-andaba-armado-en-la-calle\/","title":{"rendered":"Detienen a un delincuente condenado por homicidio agravado que ten\u00eda libertad condicional y andaba armado en la calle"},"content":{"rendered":"<!-- VideographyWP Plugin Message: Automatic video embedding prevented by plugin options. -->\n\n<p>Este mi\u00e9rcoles por la noche el personal del Gabinete Criminol\u00f3gico de la comisar\u00eda local realiz\u00f3 la detenci\u00f3n de&nbsp; Agust\u00edn Luna declarado como culpable por un hecho de homicidio ocurrido en el a\u00f1o 2013 en el barrio 150 viviendas que tuvo como v\u00edctima a un ciudadano Angel Lezcano.<\/p>\n\n\n\n<p>En la jornada de este mi\u00e9rcoles efectivos policiales de nuestra ciudad se hicieron presentes en calle Depietri y 9 de Julio donde procedieron a la detenci\u00f3n de un delincuente de 26 a\u00f1os con frondosos antecedentes.&nbsp;<\/p>\n\n\n\n<p>Al momento de realizar la identificaci\u00f3n de este sujeto registraba orden de captura y detenci\u00f3n por orden judicial, extendida el mismo dia por el Juzgado de ejecuci\u00f3n de Penas de San Nicol\u00e1s en el marco de una causa de homicidio agravado, el mismo permanece alojado en sede policial y ser\u00e1 trasladado a la Unidad Penal que se ordene, a los fines de cumplir el resto de la condena oportuna.&nbsp;<\/p>\n\n\n\n<p>Esta misma persona fue determinante un procedimiento policial del personal de la comisar\u00eda el pasado 2 de octubre en horas de la noche, cuando el delincuente ahora detenido, en calle Depietri y las Barrancas, se le secuestr\u00f3 en su poder un arma de fuego, imputado de tenencia y portaci\u00f3n ilegal de arma de fuego, quebrantando las obligaciones impuestas por la justicia.&nbsp;&nbsp;<\/p>\n\n\n\n<p>Tambi\u00e9n est\u00e1 detenido est\u00e1 involucrado en los tiroteos ocurrido entre la familia Benvenuto y Cabrera.<\/p>\n","protected":false},"excerpt":{"rendered":"<p>Este mi\u00e9rcoles por la noche el personal del Gabinete Criminol\u00f3gico de la comisar\u00eda local realiz\u00f3 la detenci\u00f3n de&nbsp; Agust\u00edn Luna declarado como culpable por un hecho de homicidio ocurrido en el a\u00f1o 2013 en el barrio 150 viviendas que tuvo como v\u00edctima a un ciudadano Angel Lezcano. En la jornada de este mi\u00e9rcoles efectivos policiales [&hellip;]<\/p>\n","protected":false},"author":4,"featured_media":83164,"comment_status":"open","ping_status":"closed","sticky":false,"template":"","format":"standard","meta":{"om_disable_all_campaigns":false,"_jetpack_memberships_contains_paid_content":false,"footnotes":""},"categories":[50,2,103],"tags":[1863,1864,197,33,95,19],"class_list":["post-83163","post","type-post","status-publish","format-standard","has-post-thumbnail","hentry","category-destacadas","category-locales","category-policiales-locales","tag-agustin-luna","tag-angel-lezcano","tag-buenos-aires","tag-locales","tag-policiales","tag-san-pedro"],"aioseo_notices":[],"gutentor_comment":0,"jetpack_featured_media_url":"https:\/\/eldiariodesanpedro.com.ar\/sitio\/wp-content\/uploads\/2020\/11\/WhatsApp-Image-2020-11-05-at-11.47.51.jpeg","jetpack_shortlink":"https:\/\/wp.me\/p6RhLt-lDl","jetpack_sharing_enabled":true,"_links":{"self":[{"href":"https:\/\/eldiariodesanpedro.com.ar\/sitio\/wp-json\/wp\/v2\/posts\/83163","targetHints":{"allow":["GET"]}}],"collection":[{"href":"https:\/\/eldiariodesanpedro.com.ar\/sitio\/wp-json\/wp\/v2\/posts"}],"about":[{"href":"https:\/\/eldiariodesanpedro.com.ar\/sitio\/wp-json\/wp\/v2\/types\/post"}],"author":[{"embeddable":true,"href":"https:\/\/eldiariodesanpedro.com.ar\/sitio\/wp-json\/wp\/v2\/users\/4"}],"replies":[{"embeddable":true,"href":"https:\/\/eldiariodesanpedro.com.ar\/sitio\/wp-json\/wp\/v2\/comments?post=83163"}],"version-history":[{"count":1,"href":"https:\/\/eldiariodesanpedro.com.ar\/sitio\/wp-json\/wp\/v2\/posts\/83163\/revisions"}],"predecessor-version":[{"id":83165,"href":"https:\/\/eldiariodesanpedro.com.ar\/sitio\/wp-json\/wp\/v2\/posts\/83163\/revisions\/83165"}],"wp:featuredmedia":[{"embeddable":true,"href":"https:\/\/eldiariodesanpedro.com.ar\/sitio\/wp-json\/wp\/v2\/media\/83164"}],"wp:attachment":[{"href":"https:\/\/eldiariodesanpedro.com.ar\/sitio\/wp-json\/wp\/v2\/media?parent=83163"}],"wp:term":[{"taxonomy":"category","embeddable":true,"href":"https:\/\/eldiariodesanpedro.com.ar\/sitio\/wp-json\/wp\/v2\/categories?post=83163"},{"taxonomy":"post_tag","embeddable":true,"href":"https:\/\/eldiariodesanpedro.com.ar\/sitio\/wp-json\/wp\/v2\/tags?post=83163"}],"curies":[{"name":"wp","href":"https:\/\/api.w.org\/{rel}","templated":true}]}}