{"id":83156,"date":"2020-11-05T10:55:02","date_gmt":"2020-11-05T13:55:02","guid":{"rendered":"https:\/\/eldiariodesanpedro.com.ar\/sitio\/?p=83156"},"modified":"2020-11-05T10:55:03","modified_gmt":"2020-11-05T13:55:03","slug":"nuevos-requisitos-para-poder-cobrar-la-auh","status":"publish","type":"post","link":"https:\/\/eldiariodesanpedro.com.ar\/sitio\/nuevos-requisitos-para-poder-cobrar-la-auh\/","title":{"rendered":"Nuevos requisitos para poder cobrar la AUH"},"content":{"rendered":"<!-- VideographyWP Plugin Message: Automatic video embedding prevented by plugin options. -->\n\n<p>Se public\u00f3 hoy en el Bolet\u00edn Oficial el Decreto 840\/2020. El mismo modifica los requisitos para acceder a la Asignaci\u00f3n Universal por Hijo (AUH). A continuaci\u00f3n, el fragmento donde se especifican las nuevas condiciones:<\/p>\n\n\n\n<p>ART\u00cdCULO 2\u00b0.- Sustituyese el art\u00edculo 14 ter de la Ley N\u00ba 24.714 y sus modificatorias, el cual quedar\u00e1 redactado de la siguiente forma:<\/p>\n\n\n\n<p>\u00abART\u00cdCULO 14 ter.- Para acceder a la Asignaci\u00f3n Universal por Hijo para Protecci\u00f3n Social, se requerir\u00e1:<\/p>\n\n\n\n<p>A. Que la ni\u00f1a, el ni\u00f1o, adolescente y\/o la persona con discapacidad sea argentino o argentina nativo o nativa, naturalizado o naturalizada o por opci\u00f3n. Cuando la ni\u00f1a, el ni\u00f1o, adolescente y\/o la persona con discapacidad y sus progenitores o sus progenitoras o las personas que los o las tengan a cargo sean extranjeros o extranjeras, deber\u00e1n acreditar tanto la ni\u00f1a, el ni\u00f1o, adolescente y\/o la persona con discapacidad como \u00e9l o la titular que percibir\u00e1 la Asignaci\u00f3n, DOS (2) a\u00f1os de residencia legal en el pa\u00eds.<\/p>\n\n\n\n<p>B. Acreditar la identidad del o de la titular del beneficio y de la ni\u00f1a, del ni\u00f1o, adolescente y\/o persona con discapacidad, mediante Documento Nacional de Identidad.<\/p>\n\n\n\n<p>C. Acreditar que la persona que percibir\u00e1 el beneficio tiene a su cargo a la ni\u00f1a, al ni\u00f1o, adolescente y\/o persona con discapacidad, en funci\u00f3n de las disposiciones del C\u00f3digo Civil y Comercial de la Naci\u00f3n y de conformidad con la documentaci\u00f3n que la ADMINISTRACI\u00d3N NACIONAL DE LA SEGURIDAD SOCIAL (ANSES) disponga a estos fines.<\/p>\n\n\n\n<p>D. La acreditaci\u00f3n de la condici\u00f3n de discapacidad ser\u00e1 determinada en los t\u00e9rminos del art\u00edculo 2\u00ba de la Ley N\u00ba 22.431, certificada por autoridad competente.<\/p>\n\n\n\n<p>E. Hasta los CUATRO (4) a\u00f1os de edad -inclusive-, deber\u00e1 acreditarse el cumplimiento de los controles sanitarios y del plan de vacunaci\u00f3n obligatorio. Desde los CINCO (5) a\u00f1os de edad y hasta los DIECIOCHO (18) a\u00f1os, deber\u00e1 acreditarse adem\u00e1s la concurrencia de las ni\u00f1as, los ni\u00f1os y adolescentes obligatoriamente a establecimientos educativos p\u00fablicos.<\/p>\n\n\n\n<p>F. Acreditar que \u00e9l o la titular del beneficio y la ni\u00f1a, el ni\u00f1o, adolescente y\/o persona con discapacidad residen en el pa\u00eds\u00bb.<\/p>\n","protected":false},"excerpt":{"rendered":"<p>Se public\u00f3 hoy en el Bolet\u00edn Oficial el Decreto 840\/2020. El mismo modifica los requisitos para acceder a la Asignaci\u00f3n Universal por Hijo (AUH). A continuaci\u00f3n, el fragmento donde se especifican las nuevas condiciones: ART\u00cdCULO 2\u00b0.- Sustituyese el art\u00edculo 14 ter de la Ley N\u00ba 24.714 y sus modificatorias, el cual quedar\u00e1 redactado de la [&hellip;]<\/p>\n","protected":false},"author":4,"featured_media":83157,"comment_status":"open","ping_status":"closed","sticky":false,"template":"","format":"standard","meta":{"om_disable_all_campaigns":false,"_jetpack_memberships_contains_paid_content":false,"footnotes":""},"categories":[101,2],"tags":[197,696,33,1040],"class_list":["post-83156","post","type-post","status-publish","format-standard","has-post-thumbnail","hentry","category-interes-general-locales","category-locales","tag-buenos-aires","tag-interes-general","tag-locales","tag-san-pedro-buenos-aires"],"aioseo_notices":[],"gutentor_comment":0,"jetpack_featured_media_url":"https:\/\/eldiariodesanpedro.com.ar\/sitio\/wp-content\/uploads\/2020\/11\/no_6peryzz77uq4lp8upraveny_IMG_20200410_180319.jpg","jetpack_shortlink":"https:\/\/wp.me\/p6RhLt-lDe","jetpack_sharing_enabled":true,"_links":{"self":[{"href":"https:\/\/eldiariodesanpedro.com.ar\/sitio\/wp-json\/wp\/v2\/posts\/83156","targetHints":{"allow":["GET"]}}],"collection":[{"href":"https:\/\/eldiariodesanpedro.com.ar\/sitio\/wp-json\/wp\/v2\/posts"}],"about":[{"href":"https:\/\/eldiariodesanpedro.com.ar\/sitio\/wp-json\/wp\/v2\/types\/post"}],"author":[{"embeddable":true,"href":"https:\/\/eldiariodesanpedro.com.ar\/sitio\/wp-json\/wp\/v2\/users\/4"}],"replies":[{"embeddable":true,"href":"https:\/\/eldiariodesanpedro.com.ar\/sitio\/wp-json\/wp\/v2\/comments?post=83156"}],"version-history":[{"count":1,"href":"https:\/\/eldiariodesanpedro.com.ar\/sitio\/wp-json\/wp\/v2\/posts\/83156\/revisions"}],"predecessor-version":[{"id":83158,"href":"https:\/\/eldiariodesanpedro.com.ar\/sitio\/wp-json\/wp\/v2\/posts\/83156\/revisions\/83158"}],"wp:featuredmedia":[{"embeddable":true,"href":"https:\/\/eldiariodesanpedro.com.ar\/sitio\/wp-json\/wp\/v2\/media\/83157"}],"wp:attachment":[{"href":"https:\/\/eldiariodesanpedro.com.ar\/sitio\/wp-json\/wp\/v2\/media?parent=83156"}],"wp:term":[{"taxonomy":"category","embeddable":true,"href":"https:\/\/eldiariodesanpedro.com.ar\/sitio\/wp-json\/wp\/v2\/categories?post=83156"},{"taxonomy":"post_tag","embeddable":true,"href":"https:\/\/eldiariodesanpedro.com.ar\/sitio\/wp-json\/wp\/v2\/tags?post=83156"}],"curies":[{"name":"wp","href":"https:\/\/api.w.org\/{rel}","templated":true}]}}