{"id":83153,"date":"2020-11-05T10:49:44","date_gmt":"2020-11-05T13:49:44","guid":{"rendered":"https:\/\/eldiariodesanpedro.com.ar\/sitio\/?p=83153"},"modified":"2020-11-05T10:49:48","modified_gmt":"2020-11-05T13:49:48","slug":"arba-comenzo-a-revaluar-de-oficio-a-decenas-de-countries","status":"publish","type":"post","link":"https:\/\/eldiariodesanpedro.com.ar\/sitio\/arba-comenzo-a-revaluar-de-oficio-a-decenas-de-countries\/","title":{"rendered":"ARBA comenz\u00f3 a revaluar de oficio a decenas de countries"},"content":{"rendered":"<!-- VideographyWP Plugin Message: Automatic video embedding prevented by plugin options. -->\n\n<p>Se trata de urbanizaciones que hab\u00edan sido intimadas para que regularicen su situaci\u00f3n fiscal, ya que no figuran como barrios cerrados, sino en muchos casos como terrenos bald\u00edos o rurales.<\/p>\n\n\n\n<p>ARBA comenz\u00f3 a revaluar a decenas de countries de toda la provincia de Buenos Aires, luego de que intimara a casi 200 urbanizaciones para que regularicen su situaci\u00f3n fiscal.<\/p>\n\n\n\n<p>Es que varios countries, en desarrollo o ya constituidos, no figuran como tal ante el fisco, lo que le genera a la Provincia una p\u00e9rdida de 1.500 millones de pesos en recaudaci\u00f3n.<\/p>\n\n\n\n<p>\u201cEstamos aplicando de oficio la valuaci\u00f3n de \u201ccounty\u201d a 73 desarrollos inmobiliarios y seguimos fiscalizando y notificando, para pasar de \u201ctierra rural\u201d a \u201ccountry en desarrollo\u201d al 100% de los barrios cerrados que se encuentran en situaci\u00f3n impositiva irregular\u00bb, detall\u00f3 el Director Ejecutivo de ARBA, Cristian Girard, desde su cuenta oficial en la red social twitter.<\/p>\n\n\n\n<p>Seg\u00fan inform\u00f3 el Organismo, 230 barrios cerrados de un total de 871 est\u00e1n mal inscriptos, y por ende no tributan el impuesto inmobiliario correspondiente, sino que lo hacen como tierra rural o bald\u00edo.<\/p>\n\n\n\n<p>Tambi\u00e9n recordemos que semanas atr\u00e1s se hab\u00eda intimado a 102 barrios cerrados, a los que se les daban 15 d\u00edas para ajustarse a la normativa o realizar el descargo pertinente; o bien se comenzar\u00eda de oficio a aplicar el nuevo valor de la tierra.<\/p>\n\n\n\n<p>Otros 67 countries ser\u00e1n intimados pr\u00f3ximamente, luego de analizar cu\u00e1l es el grado de su desarrollo y determinar el nuevo valor de la tierra, mientras que 61 ser\u00e1n fiscalizados de manera presencial y luego notificados.<\/p>\n\n\n\n<p>\u201cEl Gobernador Kicillof marca el camino. En ARBA venimos trabajando en regularizar la situaci\u00f3n impositiva de los desarrolladores de barrios cerrados desde el d\u00eda 1, tal como nos lo pidi\u00f3. La progresividad tributaria es la base para la construcci\u00f3n de una sociedad m\u00e1s justa\u201d, finaliz\u00f3 Girard.<\/p>\n","protected":false},"excerpt":{"rendered":"<p>Se trata de urbanizaciones que hab\u00edan sido intimadas para que regularicen su situaci\u00f3n fiscal, ya que no figuran como barrios cerrados, sino en muchos casos como terrenos bald\u00edos o rurales. ARBA comenz\u00f3 a revaluar a decenas de countries de toda la provincia de Buenos Aires, luego de que intimara a casi 200 urbanizaciones para que [&hellip;]<\/p>\n","protected":false},"author":4,"featured_media":83154,"comment_status":"open","ping_status":"closed","sticky":false,"template":"","format":"standard","meta":{"om_disable_all_campaigns":false,"_jetpack_memberships_contains_paid_content":false,"footnotes":""},"categories":[101,2],"tags":[197,696,33],"class_list":["post-83153","post","type-post","status-publish","format-standard","has-post-thumbnail","hentry","category-interes-general-locales","category-locales","tag-buenos-aires","tag-interes-general","tag-locales"],"aioseo_notices":[],"gutentor_comment":0,"jetpack_featured_media_url":"https:\/\/eldiariodesanpedro.com.ar\/sitio\/wp-content\/uploads\/2020\/11\/20201104105156.jpg","jetpack_shortlink":"https:\/\/wp.me\/p6RhLt-lDb","jetpack_sharing_enabled":true,"_links":{"self":[{"href":"https:\/\/eldiariodesanpedro.com.ar\/sitio\/wp-json\/wp\/v2\/posts\/83153","targetHints":{"allow":["GET"]}}],"collection":[{"href":"https:\/\/eldiariodesanpedro.com.ar\/sitio\/wp-json\/wp\/v2\/posts"}],"about":[{"href":"https:\/\/eldiariodesanpedro.com.ar\/sitio\/wp-json\/wp\/v2\/types\/post"}],"author":[{"embeddable":true,"href":"https:\/\/eldiariodesanpedro.com.ar\/sitio\/wp-json\/wp\/v2\/users\/4"}],"replies":[{"embeddable":true,"href":"https:\/\/eldiariodesanpedro.com.ar\/sitio\/wp-json\/wp\/v2\/comments?post=83153"}],"version-history":[{"count":1,"href":"https:\/\/eldiariodesanpedro.com.ar\/sitio\/wp-json\/wp\/v2\/posts\/83153\/revisions"}],"predecessor-version":[{"id":83155,"href":"https:\/\/eldiariodesanpedro.com.ar\/sitio\/wp-json\/wp\/v2\/posts\/83153\/revisions\/83155"}],"wp:featuredmedia":[{"embeddable":true,"href":"https:\/\/eldiariodesanpedro.com.ar\/sitio\/wp-json\/wp\/v2\/media\/83154"}],"wp:attachment":[{"href":"https:\/\/eldiariodesanpedro.com.ar\/sitio\/wp-json\/wp\/v2\/media?parent=83153"}],"wp:term":[{"taxonomy":"category","embeddable":true,"href":"https:\/\/eldiariodesanpedro.com.ar\/sitio\/wp-json\/wp\/v2\/categories?post=83153"},{"taxonomy":"post_tag","embeddable":true,"href":"https:\/\/eldiariodesanpedro.com.ar\/sitio\/wp-json\/wp\/v2\/tags?post=83153"}],"curies":[{"name":"wp","href":"https:\/\/api.w.org\/{rel}","templated":true}]}}