{"id":83150,"date":"2020-11-05T10:47:15","date_gmt":"2020-11-05T13:47:15","guid":{"rendered":"https:\/\/eldiariodesanpedro.com.ar\/sitio\/?p=83150"},"modified":"2020-11-05T10:47:19","modified_gmt":"2020-11-05T13:47:19","slug":"manana-viernes-habra-feriado-bancario-que-tramites-se-podran-hacer-online","status":"publish","type":"post","link":"https:\/\/eldiariodesanpedro.com.ar\/sitio\/manana-viernes-habra-feriado-bancario-que-tramites-se-podran-hacer-online\/","title":{"rendered":"Ma\u00f1ana viernes habr\u00e1 feriado bancario: \u00bfQu\u00e9 tr\u00e1mites se podr\u00e1n hacer online?"},"content":{"rendered":"<!-- VideographyWP Plugin Message: Automatic video embedding prevented by plugin options. -->\n\n<p>No habr\u00e1 atenci\u00f3n al p\u00fablico, aunque determinados tr\u00e1mites podr\u00e1n realizarse a trav\u00e9s de homebanking. Adem\u00e1s del dep\u00f3sito y extracci\u00f3n de efectivo, se pueden pagar las tarjetas de cr\u00e9dito. No habr\u00e1 clearing y algunas operaciones, como el dep\u00f3sito de cheques, comenzar\u00e1n el tr\u00e1mite de acreditaci\u00f3n el lunes 9 de noviembre.<\/p>\n\n\n\n<p>Ma\u00f1ana viernes 6 de noviembre se celebrar\u00e1 el D\u00eda del Bancario y las sucursales permanecer\u00e1n cerradas en todo el pa\u00eds por lo que no habr\u00e1 atenci\u00f3n al p\u00fablico, aunque determinados tr\u00e1mites podr\u00e1n realizarse a trav\u00e9s de homebanking.<\/p>\n\n\n\n<p>Tambi\u00e9n estar\u00e1n activas las apps de las entidades, los cajeros autom\u00e1ticos y se podr\u00e1 retirar efectivo en comercios habilitados.<\/p>\n\n\n\n<p>Adem\u00e1s del dep\u00f3sito y extracci\u00f3n de efectivo, se pueden pagar las tarjetas de cr\u00e9dito. No habr\u00e1 clearing y algunas operaciones, como el dep\u00f3sito de cheques, comenzar\u00e1n el tr\u00e1mite de acreditaci\u00f3n el lunes 9 de noviembre.<\/p>\n\n\n\n<p>Adem\u00e1s de los cajeros autom\u00e1ticos, se podr\u00e1 retirar efectivo en supermercados, farmacias y estaciones de servicios habilitadas: si se realiza una compra con tarjeta de d\u00e9bito, el comercio puede entregar hasta $ 8 mil pesos.<\/p>\n\n\n\n<p>Las transferencias inmediatas funcionar\u00e1n solo cuando sea entre dos entidades de la red Link. Las transferencias que involucren a Banelco pueden no ser inmediatas porque utilizan otro mecanismo de compensaci\u00f3n.<\/p>\n\n\n\n<p>Por otra parte, los pagos de sueldos de empresas que sean enviados el viernes ser\u00e1n procesados el pr\u00f3ximo lunes. No podr\u00e1 efectuarse ning\u00fan pago a proveedores y toda operaci\u00f3n programada para el viernes ser\u00e1 rechazada. Tampoco estar\u00e1 disponible el servicio de Pagos AFIP.<\/p>\n","protected":false},"excerpt":{"rendered":"<p>No habr\u00e1 atenci\u00f3n al p\u00fablico, aunque determinados tr\u00e1mites podr\u00e1n realizarse a trav\u00e9s de homebanking. Adem\u00e1s del dep\u00f3sito y extracci\u00f3n de efectivo, se pueden pagar las tarjetas de cr\u00e9dito. No habr\u00e1 clearing y algunas operaciones, como el dep\u00f3sito de cheques, comenzar\u00e1n el tr\u00e1mite de acreditaci\u00f3n el lunes 9 de noviembre. Ma\u00f1ana viernes 6 de noviembre se [&hellip;]<\/p>\n","protected":false},"author":4,"featured_media":83151,"comment_status":"open","ping_status":"closed","sticky":false,"template":"","format":"standard","meta":{"om_disable_all_campaigns":false,"_jetpack_memberships_contains_paid_content":false,"footnotes":""},"categories":[101,2],"tags":[197,696,33,19],"class_list":["post-83150","post","type-post","status-publish","format-standard","has-post-thumbnail","hentry","category-interes-general-locales","category-locales","tag-buenos-aires","tag-interes-general","tag-locales","tag-san-pedro"],"aioseo_notices":[],"gutentor_comment":0,"jetpack_featured_media_url":"https:\/\/eldiariodesanpedro.com.ar\/sitio\/wp-content\/uploads\/2020\/11\/20201104025519.jpg","jetpack_shortlink":"https:\/\/wp.me\/p6RhLt-lD8","jetpack_sharing_enabled":true,"_links":{"self":[{"href":"https:\/\/eldiariodesanpedro.com.ar\/sitio\/wp-json\/wp\/v2\/posts\/83150","targetHints":{"allow":["GET"]}}],"collection":[{"href":"https:\/\/eldiariodesanpedro.com.ar\/sitio\/wp-json\/wp\/v2\/posts"}],"about":[{"href":"https:\/\/eldiariodesanpedro.com.ar\/sitio\/wp-json\/wp\/v2\/types\/post"}],"author":[{"embeddable":true,"href":"https:\/\/eldiariodesanpedro.com.ar\/sitio\/wp-json\/wp\/v2\/users\/4"}],"replies":[{"embeddable":true,"href":"https:\/\/eldiariodesanpedro.com.ar\/sitio\/wp-json\/wp\/v2\/comments?post=83150"}],"version-history":[{"count":1,"href":"https:\/\/eldiariodesanpedro.com.ar\/sitio\/wp-json\/wp\/v2\/posts\/83150\/revisions"}],"predecessor-version":[{"id":83152,"href":"https:\/\/eldiariodesanpedro.com.ar\/sitio\/wp-json\/wp\/v2\/posts\/83150\/revisions\/83152"}],"wp:featuredmedia":[{"embeddable":true,"href":"https:\/\/eldiariodesanpedro.com.ar\/sitio\/wp-json\/wp\/v2\/media\/83151"}],"wp:attachment":[{"href":"https:\/\/eldiariodesanpedro.com.ar\/sitio\/wp-json\/wp\/v2\/media?parent=83150"}],"wp:term":[{"taxonomy":"category","embeddable":true,"href":"https:\/\/eldiariodesanpedro.com.ar\/sitio\/wp-json\/wp\/v2\/categories?post=83150"},{"taxonomy":"post_tag","embeddable":true,"href":"https:\/\/eldiariodesanpedro.com.ar\/sitio\/wp-json\/wp\/v2\/tags?post=83150"}],"curies":[{"name":"wp","href":"https:\/\/api.w.org\/{rel}","templated":true}]}}