{"id":83128,"date":"2020-11-04T18:52:46","date_gmt":"2020-11-04T21:52:46","guid":{"rendered":"https:\/\/eldiariodesanpedro.com.ar\/sitio\/?p=83128"},"modified":"2020-11-04T18:52:50","modified_gmt":"2020-11-04T21:52:50","slug":"se-habilitan-las-canchas-de-futbol-5-a-partir-de-lunes-entre-otros-deportes","status":"publish","type":"post","link":"https:\/\/eldiariodesanpedro.com.ar\/sitio\/se-habilitan-las-canchas-de-futbol-5-a-partir-de-lunes-entre-otros-deportes\/","title":{"rendered":"Se habilitan las canchas de futbol 5 a partir de lunes entre otros deportes"},"content":{"rendered":"<!-- VideographyWP Plugin Message: Automatic video embedding prevented by plugin options. -->\n\n<p>La municipalidad informa que se habilitan las actividades deportivas hasta 10 personas en espacio abiertos<\/p>\n\n\n\n<p>La Municipalidad de San Pedro informa que, en el marco de la resoluci\u00f3n Provincial N\u00ba 2713\/2020, desde el lunes 9 de noviembre se permitir\u00e1n las Actividades recreativas y deportivas colectivas hasta 10 personas en espacios abiertos. La Direcci\u00f3n de Deportes se pondr\u00e1 en contacto con las partes intervinientes para que el retorno de estas actividades se d\u00e9 en un marco de responsabilidad y prevenci\u00f3n, aplicando los protocolos espec\u00edficos para lograr que las autorizaciones se sostengan en el tiempo.<\/p>\n","protected":false},"excerpt":{"rendered":"<p>La municipalidad informa que se habilitan las actividades deportivas hasta 10 personas en espacio abiertos La Municipalidad de San Pedro informa que, en el marco de la resoluci\u00f3n Provincial N\u00ba 2713\/2020, desde el lunes 9 de noviembre se permitir\u00e1n las Actividades recreativas y deportivas colectivas hasta 10 personas en espacios abiertos. La Direcci\u00f3n de Deportes [&hellip;]<\/p>\n","protected":false},"author":4,"featured_media":83129,"comment_status":"open","ping_status":"closed","sticky":false,"template":"","format":"standard","meta":{"om_disable_all_campaigns":false,"_jetpack_memberships_contains_paid_content":false,"footnotes":""},"categories":[50,101,2],"tags":[197,696,33,1040],"class_list":["post-83128","post","type-post","status-publish","format-standard","has-post-thumbnail","hentry","category-destacadas","category-interes-general-locales","category-locales","tag-buenos-aires","tag-interes-general","tag-locales","tag-san-pedro-buenos-aires"],"aioseo_notices":[],"gutentor_comment":0,"jetpack_featured_media_url":"https:\/\/eldiariodesanpedro.com.ar\/sitio\/wp-content\/uploads\/2020\/11\/futbol-5.jpg","jetpack_shortlink":"https:\/\/wp.me\/p6RhLt-lCM","jetpack_sharing_enabled":true,"_links":{"self":[{"href":"https:\/\/eldiariodesanpedro.com.ar\/sitio\/wp-json\/wp\/v2\/posts\/83128","targetHints":{"allow":["GET"]}}],"collection":[{"href":"https:\/\/eldiariodesanpedro.com.ar\/sitio\/wp-json\/wp\/v2\/posts"}],"about":[{"href":"https:\/\/eldiariodesanpedro.com.ar\/sitio\/wp-json\/wp\/v2\/types\/post"}],"author":[{"embeddable":true,"href":"https:\/\/eldiariodesanpedro.com.ar\/sitio\/wp-json\/wp\/v2\/users\/4"}],"replies":[{"embeddable":true,"href":"https:\/\/eldiariodesanpedro.com.ar\/sitio\/wp-json\/wp\/v2\/comments?post=83128"}],"version-history":[{"count":1,"href":"https:\/\/eldiariodesanpedro.com.ar\/sitio\/wp-json\/wp\/v2\/posts\/83128\/revisions"}],"predecessor-version":[{"id":83130,"href":"https:\/\/eldiariodesanpedro.com.ar\/sitio\/wp-json\/wp\/v2\/posts\/83128\/revisions\/83130"}],"wp:featuredmedia":[{"embeddable":true,"href":"https:\/\/eldiariodesanpedro.com.ar\/sitio\/wp-json\/wp\/v2\/media\/83129"}],"wp:attachment":[{"href":"https:\/\/eldiariodesanpedro.com.ar\/sitio\/wp-json\/wp\/v2\/media?parent=83128"}],"wp:term":[{"taxonomy":"category","embeddable":true,"href":"https:\/\/eldiariodesanpedro.com.ar\/sitio\/wp-json\/wp\/v2\/categories?post=83128"},{"taxonomy":"post_tag","embeddable":true,"href":"https:\/\/eldiariodesanpedro.com.ar\/sitio\/wp-json\/wp\/v2\/tags?post=83128"}],"curies":[{"name":"wp","href":"https:\/\/api.w.org\/{rel}","templated":true}]}}