{"id":83126,"date":"2020-11-04T12:11:02","date_gmt":"2020-11-04T15:11:02","guid":{"rendered":"https:\/\/eldiariodesanpedro.com.ar\/sitio\/?p=83126"},"modified":"2020-11-04T12:11:06","modified_gmt":"2020-11-04T15:11:06","slug":"comenzaron-a-informar-a-docentes-para-el-regreso-a-clases-el-proximo-lunes","status":"publish","type":"post","link":"https:\/\/eldiariodesanpedro.com.ar\/sitio\/comenzaron-a-informar-a-docentes-para-el-regreso-a-clases-el-proximo-lunes\/","title":{"rendered":"Comenzaron a informar a docentes para el regreso a clases el pr\u00f3ximo lunes"},"content":{"rendered":"<!-- VideographyWP Plugin Message: Automatic video embedding prevented by plugin options. -->\n\n<p>En la ma\u00f1ana de hoy se realizo una Reuni\u00f3n donde la mesa jurisdiccional terminara por definir el regreso a las aulas y los requerimientos necesarios, los directivos comenzaron a notificar a docentes y auxiliares que la reanudaci\u00f3n presencial del ciclo lectivo ser\u00e1 el pr\u00f3ximo lunes 9 de noviembre.<\/p>\n\n\n\n<p>Como ya se venia informando la reanudaci\u00f3n del ciclo lectivo para los a\u00f1os que finalizan el secundaria dar\u00e1 comienzo el pr\u00f3ximo lunes 9 de noviembre, en una primera medida seria para los \u00faltimos a\u00f1os del secundario con la posibilidad que d\u00edas despu\u00e9s vuelvan los cursos que finalizan la primaria.<\/p>\n\n\n\n<p>La Reuni\u00f3n de la jornada de hoy tiene como fin el poder coordinar y hacer un relevamiento de art\u00edculos y herramientas necesarias (alcohol en gel, term\u00f3metros, mascaras, etc, etc).<\/p>\n\n\n\n<p>Recordemos que hasta el momento podr\u00eda ser presencial con grupos de 10 alumnos, las clases de 90 minutos y serian de tres d\u00edas a las semanas. <\/p>\n\n\n\n<p>Tras reuniones informaran como ser\u00e1 detalladamente el protocolo.<\/p>\n","protected":false},"excerpt":{"rendered":"<p>En la ma\u00f1ana de hoy se realizo una Reuni\u00f3n donde la mesa jurisdiccional terminara por definir el regreso a las aulas y los requerimientos necesarios, los directivos comenzaron a notificar a docentes y auxiliares que la reanudaci\u00f3n presencial del ciclo lectivo ser\u00e1 el pr\u00f3ximo lunes 9 de noviembre. Como ya se venia informando la reanudaci\u00f3n [&hellip;]<\/p>\n","protected":false},"author":4,"featured_media":82967,"comment_status":"open","ping_status":"closed","sticky":false,"template":"","format":"standard","meta":{"om_disable_all_campaigns":false,"_jetpack_memberships_contains_paid_content":false,"footnotes":""},"categories":[50,101,2],"tags":[197,696,33,19],"class_list":["post-83126","post","type-post","status-publish","format-standard","has-post-thumbnail","hentry","category-destacadas","category-interes-general-locales","category-locales","tag-buenos-aires","tag-interes-general","tag-locales","tag-san-pedro"],"aioseo_notices":[],"gutentor_comment":0,"jetpack_featured_media_url":"https:\/\/eldiariodesanpedro.com.ar\/sitio\/wp-content\/uploads\/2020\/10\/escuela_uruguay_crop1597414041009.jpg_258117318.jpg","jetpack_shortlink":"https:\/\/wp.me\/p6RhLt-lCK","jetpack_sharing_enabled":true,"_links":{"self":[{"href":"https:\/\/eldiariodesanpedro.com.ar\/sitio\/wp-json\/wp\/v2\/posts\/83126","targetHints":{"allow":["GET"]}}],"collection":[{"href":"https:\/\/eldiariodesanpedro.com.ar\/sitio\/wp-json\/wp\/v2\/posts"}],"about":[{"href":"https:\/\/eldiariodesanpedro.com.ar\/sitio\/wp-json\/wp\/v2\/types\/post"}],"author":[{"embeddable":true,"href":"https:\/\/eldiariodesanpedro.com.ar\/sitio\/wp-json\/wp\/v2\/users\/4"}],"replies":[{"embeddable":true,"href":"https:\/\/eldiariodesanpedro.com.ar\/sitio\/wp-json\/wp\/v2\/comments?post=83126"}],"version-history":[{"count":1,"href":"https:\/\/eldiariodesanpedro.com.ar\/sitio\/wp-json\/wp\/v2\/posts\/83126\/revisions"}],"predecessor-version":[{"id":83127,"href":"https:\/\/eldiariodesanpedro.com.ar\/sitio\/wp-json\/wp\/v2\/posts\/83126\/revisions\/83127"}],"wp:featuredmedia":[{"embeddable":true,"href":"https:\/\/eldiariodesanpedro.com.ar\/sitio\/wp-json\/wp\/v2\/media\/82967"}],"wp:attachment":[{"href":"https:\/\/eldiariodesanpedro.com.ar\/sitio\/wp-json\/wp\/v2\/media?parent=83126"}],"wp:term":[{"taxonomy":"category","embeddable":true,"href":"https:\/\/eldiariodesanpedro.com.ar\/sitio\/wp-json\/wp\/v2\/categories?post=83126"},{"taxonomy":"post_tag","embeddable":true,"href":"https:\/\/eldiariodesanpedro.com.ar\/sitio\/wp-json\/wp\/v2\/tags?post=83126"}],"curies":[{"name":"wp","href":"https:\/\/api.w.org\/{rel}","templated":true}]}}