{"id":83117,"date":"2020-11-04T11:36:34","date_gmt":"2020-11-04T14:36:34","guid":{"rendered":"https:\/\/eldiariodesanpedro.com.ar\/sitio\/?p=83117"},"modified":"2020-11-04T11:37:51","modified_gmt":"2020-11-04T14:37:51","slug":"americo-quintana-asumira-como-encargado-del-cementerio","status":"publish","type":"post","link":"https:\/\/eldiariodesanpedro.com.ar\/sitio\/americo-quintana-asumira-como-encargado-del-cementerio\/","title":{"rendered":"Am\u00e9rico Quintana asumir\u00e1 como encargado del Cementerio"},"content":{"rendered":"<!-- VideographyWP Plugin Message: Automatic video embedding prevented by plugin options. -->\n\n<p>El reconocido militante y ex concejal peronista asumir\u00e1 la responsabilidad de controlar el sector que en los \u00faltimos d\u00edas volvi\u00f3 a ser noticia por los constantes hechos de vandalismo detectados.&nbsp;&nbsp;<\/p>\n\n\n\n<p>Con 70 a\u00f1os y a pocos meses de cumplir el per\u00edodo formal para jubilarse en la administraci\u00f3n p\u00fablica, Am\u00e9rico Quintana vuelve al ruedo pol\u00edtico pero como integrante del gabinete del Intendente Salazar.<\/p>\n\n\n\n<p>Los \u00faltimos episodios de vandalismo acontecidos en el cementerio municipal obligaron a las autoridades a tomar la decisi\u00f3n de designar a un responsable del lugar que aporte experiencia, dedicaci\u00f3n y firmeza a la hora de tomar medidas hasta con el propio personal.<\/p>\n\n\n\n<p>Es por eso que se convoc\u00f3 al ex concejal para que asuma en el cargo en los pr\u00f3ximos d\u00edas. \u00abSolo falta que nos juntemos a hablar personalmente pero es la persona elegida para encargarse del lugar\u00bb, dijo el Intendente Salazar.\u00a0<\/p>\n\n\n\n<p>Fuente: <a href=\"https:\/\/www.sanpedroinforma.com.ar\/nota\/123772\/politica\/americo-quintana-asumira-como-encargado-del-cementerio.html\">San Pedro Informa<\/a><\/p>\n","protected":false},"excerpt":{"rendered":"<p>El reconocido militante y ex concejal peronista asumir\u00e1 la responsabilidad de controlar el sector que en los \u00faltimos d\u00edas volvi\u00f3 a ser noticia por los constantes hechos de vandalismo detectados.&nbsp;&nbsp; Con 70 a\u00f1os y a pocos meses de cumplir el per\u00edodo formal para jubilarse en la administraci\u00f3n p\u00fablica, Am\u00e9rico Quintana vuelve al ruedo pol\u00edtico pero [&hellip;]<\/p>\n","protected":false},"author":4,"featured_media":83118,"comment_status":"open","ping_status":"closed","sticky":false,"template":"","format":"standard","meta":{"om_disable_all_campaigns":false,"_jetpack_memberships_contains_paid_content":false,"footnotes":""},"categories":[50,101,2],"tags":[197,696,33,19],"class_list":["post-83117","post","type-post","status-publish","format-standard","has-post-thumbnail","hentry","category-destacadas","category-interes-general-locales","category-locales","tag-buenos-aires","tag-interes-general","tag-locales","tag-san-pedro"],"aioseo_notices":[],"gutentor_comment":0,"jetpack_featured_media_url":"https:\/\/eldiariodesanpedro.com.ar\/sitio\/wp-content\/uploads\/2020\/11\/000087969.jpg","jetpack_shortlink":"https:\/\/wp.me\/p6RhLt-lCB","jetpack_sharing_enabled":true,"_links":{"self":[{"href":"https:\/\/eldiariodesanpedro.com.ar\/sitio\/wp-json\/wp\/v2\/posts\/83117","targetHints":{"allow":["GET"]}}],"collection":[{"href":"https:\/\/eldiariodesanpedro.com.ar\/sitio\/wp-json\/wp\/v2\/posts"}],"about":[{"href":"https:\/\/eldiariodesanpedro.com.ar\/sitio\/wp-json\/wp\/v2\/types\/post"}],"author":[{"embeddable":true,"href":"https:\/\/eldiariodesanpedro.com.ar\/sitio\/wp-json\/wp\/v2\/users\/4"}],"replies":[{"embeddable":true,"href":"https:\/\/eldiariodesanpedro.com.ar\/sitio\/wp-json\/wp\/v2\/comments?post=83117"}],"version-history":[{"count":2,"href":"https:\/\/eldiariodesanpedro.com.ar\/sitio\/wp-json\/wp\/v2\/posts\/83117\/revisions"}],"predecessor-version":[{"id":83121,"href":"https:\/\/eldiariodesanpedro.com.ar\/sitio\/wp-json\/wp\/v2\/posts\/83117\/revisions\/83121"}],"wp:featuredmedia":[{"embeddable":true,"href":"https:\/\/eldiariodesanpedro.com.ar\/sitio\/wp-json\/wp\/v2\/media\/83118"}],"wp:attachment":[{"href":"https:\/\/eldiariodesanpedro.com.ar\/sitio\/wp-json\/wp\/v2\/media?parent=83117"}],"wp:term":[{"taxonomy":"category","embeddable":true,"href":"https:\/\/eldiariodesanpedro.com.ar\/sitio\/wp-json\/wp\/v2\/categories?post=83117"},{"taxonomy":"post_tag","embeddable":true,"href":"https:\/\/eldiariodesanpedro.com.ar\/sitio\/wp-json\/wp\/v2\/tags?post=83117"}],"curies":[{"name":"wp","href":"https:\/\/api.w.org\/{rel}","templated":true}]}}