{"id":83115,"date":"2020-11-04T11:32:02","date_gmt":"2020-11-04T14:32:02","guid":{"rendered":"https:\/\/eldiariodesanpedro.com.ar\/sitio\/?p=83115"},"modified":"2020-11-04T11:32:03","modified_gmt":"2020-11-04T14:32:03","slug":"une-mujer-fue-agredida-por-otra-y-sufrio-lesiones-leves","status":"publish","type":"post","link":"https:\/\/eldiariodesanpedro.com.ar\/sitio\/une-mujer-fue-agredida-por-otra-y-sufrio-lesiones-leves\/","title":{"rendered":"Une mujer fue agredida por otra y sufri\u00f3 lesiones leves"},"content":{"rendered":"<!-- VideographyWP Plugin Message: Automatic video embedding prevented by plugin options. -->\n\n<p>En la noche de este martes la polic\u00eda de nuestra ciudad tuvo que intervenir en una disputa entre dos femeninas que terminaron a los golpes.<\/p>\n\n\n\n<p>El hecho ocurri\u00f3 en calle San Martin al 3500 cuando una mujer que se retiraba de su domicilio fue abordada por otra y golpeada violentamente sin medir palabras.<\/p>\n\n\n\n<p>La joven v\u00edctima sufri\u00f3 lesiones leves y realiz\u00f3 la denuncia en la comisar\u00eda local asegurando que el problema viene de larga data con la otra mujer y su pareja.<\/p>\n","protected":false},"excerpt":{"rendered":"<p>En la noche de este martes la polic\u00eda de nuestra ciudad tuvo que intervenir en una disputa entre dos femeninas que terminaron a los golpes. El hecho ocurri\u00f3 en calle San Martin al 3500 cuando una mujer que se retiraba de su domicilio fue abordada por otra y golpeada violentamente sin medir palabras. La joven [&hellip;]<\/p>\n","protected":false},"author":4,"featured_media":45394,"comment_status":"open","ping_status":"closed","sticky":false,"template":"","format":"standard","meta":{"om_disable_all_campaigns":false,"_jetpack_memberships_contains_paid_content":false,"footnotes":""},"categories":[2,103],"tags":[197,33,95,19],"class_list":["post-83115","post","type-post","status-publish","format-standard","has-post-thumbnail","hentry","category-locales","category-policiales-locales","tag-buenos-aires","tag-locales","tag-policiales","tag-san-pedro"],"aioseo_notices":[],"gutentor_comment":0,"jetpack_featured_media_url":"https:\/\/eldiariodesanpedro.com.ar\/sitio\/wp-content\/uploads\/2019\/01\/comisaria.jpg","jetpack_shortlink":"https:\/\/wp.me\/p6RhLt-lCz","jetpack_sharing_enabled":true,"_links":{"self":[{"href":"https:\/\/eldiariodesanpedro.com.ar\/sitio\/wp-json\/wp\/v2\/posts\/83115","targetHints":{"allow":["GET"]}}],"collection":[{"href":"https:\/\/eldiariodesanpedro.com.ar\/sitio\/wp-json\/wp\/v2\/posts"}],"about":[{"href":"https:\/\/eldiariodesanpedro.com.ar\/sitio\/wp-json\/wp\/v2\/types\/post"}],"author":[{"embeddable":true,"href":"https:\/\/eldiariodesanpedro.com.ar\/sitio\/wp-json\/wp\/v2\/users\/4"}],"replies":[{"embeddable":true,"href":"https:\/\/eldiariodesanpedro.com.ar\/sitio\/wp-json\/wp\/v2\/comments?post=83115"}],"version-history":[{"count":1,"href":"https:\/\/eldiariodesanpedro.com.ar\/sitio\/wp-json\/wp\/v2\/posts\/83115\/revisions"}],"predecessor-version":[{"id":83116,"href":"https:\/\/eldiariodesanpedro.com.ar\/sitio\/wp-json\/wp\/v2\/posts\/83115\/revisions\/83116"}],"wp:featuredmedia":[{"embeddable":true,"href":"https:\/\/eldiariodesanpedro.com.ar\/sitio\/wp-json\/wp\/v2\/media\/45394"}],"wp:attachment":[{"href":"https:\/\/eldiariodesanpedro.com.ar\/sitio\/wp-json\/wp\/v2\/media?parent=83115"}],"wp:term":[{"taxonomy":"category","embeddable":true,"href":"https:\/\/eldiariodesanpedro.com.ar\/sitio\/wp-json\/wp\/v2\/categories?post=83115"},{"taxonomy":"post_tag","embeddable":true,"href":"https:\/\/eldiariodesanpedro.com.ar\/sitio\/wp-json\/wp\/v2\/tags?post=83115"}],"curies":[{"name":"wp","href":"https:\/\/api.w.org\/{rel}","templated":true}]}}