{"id":83113,"date":"2020-11-04T11:23:10","date_gmt":"2020-11-04T14:23:10","guid":{"rendered":"https:\/\/eldiariodesanpedro.com.ar\/sitio\/?p=83113"},"modified":"2020-11-04T11:23:10","modified_gmt":"2020-11-04T14:23:10","slug":"dos-aprehendidos-por-roturas-intencionales-en-una-camioneta","status":"publish","type":"post","link":"https:\/\/eldiariodesanpedro.com.ar\/sitio\/dos-aprehendidos-por-roturas-intencionales-en-una-camioneta\/","title":{"rendered":"Dos aprehendidos por roturas intencionales en una camioneta"},"content":{"rendered":"<!-- VideographyWP Plugin Message: Automatic video embedding prevented by plugin options. -->\n\n<p>En horas de la madrugada de este mi\u00e9rcoles la polic\u00eda de nuestra ciudad realiz\u00f3 la aprehensi\u00f3n de dos ciudadanos en la v\u00eda p\u00fablica quienes da\u00f1aron la puerta trasera de una camioneta.<\/p>\n\n\n\n<p>El propietario del rodado un ciudadano de 31 a\u00f1os de edad realiz\u00f3 la denuncia cuando dos personas mayores de edad provocaron da\u00f1os intencionales en la puerta de un veh\u00edculo que se encontraba estacionada en la v\u00eda p\u00fablica sobre calle Libertad al 100, afortunadamente no constat\u00f3 faltantes dentro del rodado.<\/p>\n","protected":false},"excerpt":{"rendered":"<p>En horas de la madrugada de este mi\u00e9rcoles la polic\u00eda de nuestra ciudad realiz\u00f3 la aprehensi\u00f3n de dos ciudadanos en la v\u00eda p\u00fablica quienes da\u00f1aron la puerta trasera de una camioneta. El propietario del rodado un ciudadano de 31 a\u00f1os de edad realiz\u00f3 la denuncia cuando dos personas mayores de edad provocaron da\u00f1os intencionales en [&hellip;]<\/p>\n","protected":false},"author":4,"featured_media":78843,"comment_status":"open","ping_status":"closed","sticky":false,"template":"","format":"standard","meta":{"om_disable_all_campaigns":false,"_jetpack_memberships_contains_paid_content":false,"footnotes":""},"categories":[2,103],"tags":[197,33,95,19],"class_list":["post-83113","post","type-post","status-publish","format-standard","has-post-thumbnail","hentry","category-locales","category-policiales-locales","tag-buenos-aires","tag-locales","tag-policiales","tag-san-pedro"],"aioseo_notices":[],"gutentor_comment":0,"jetpack_featured_media_url":"https:\/\/eldiariodesanpedro.com.ar\/sitio\/wp-content\/uploads\/2020\/08\/0.jpg","jetpack_shortlink":"https:\/\/wp.me\/p6RhLt-lCx","jetpack_sharing_enabled":true,"_links":{"self":[{"href":"https:\/\/eldiariodesanpedro.com.ar\/sitio\/wp-json\/wp\/v2\/posts\/83113","targetHints":{"allow":["GET"]}}],"collection":[{"href":"https:\/\/eldiariodesanpedro.com.ar\/sitio\/wp-json\/wp\/v2\/posts"}],"about":[{"href":"https:\/\/eldiariodesanpedro.com.ar\/sitio\/wp-json\/wp\/v2\/types\/post"}],"author":[{"embeddable":true,"href":"https:\/\/eldiariodesanpedro.com.ar\/sitio\/wp-json\/wp\/v2\/users\/4"}],"replies":[{"embeddable":true,"href":"https:\/\/eldiariodesanpedro.com.ar\/sitio\/wp-json\/wp\/v2\/comments?post=83113"}],"version-history":[{"count":1,"href":"https:\/\/eldiariodesanpedro.com.ar\/sitio\/wp-json\/wp\/v2\/posts\/83113\/revisions"}],"predecessor-version":[{"id":83114,"href":"https:\/\/eldiariodesanpedro.com.ar\/sitio\/wp-json\/wp\/v2\/posts\/83113\/revisions\/83114"}],"wp:featuredmedia":[{"embeddable":true,"href":"https:\/\/eldiariodesanpedro.com.ar\/sitio\/wp-json\/wp\/v2\/media\/78843"}],"wp:attachment":[{"href":"https:\/\/eldiariodesanpedro.com.ar\/sitio\/wp-json\/wp\/v2\/media?parent=83113"}],"wp:term":[{"taxonomy":"category","embeddable":true,"href":"https:\/\/eldiariodesanpedro.com.ar\/sitio\/wp-json\/wp\/v2\/categories?post=83113"},{"taxonomy":"post_tag","embeddable":true,"href":"https:\/\/eldiariodesanpedro.com.ar\/sitio\/wp-json\/wp\/v2\/tags?post=83113"}],"curies":[{"name":"wp","href":"https:\/\/api.w.org\/{rel}","templated":true}]}}