{"id":83109,"date":"2020-11-04T11:08:54","date_gmt":"2020-11-04T14:08:54","guid":{"rendered":"https:\/\/eldiariodesanpedro.com.ar\/sitio\/?p=83109"},"modified":"2020-11-04T11:08:58","modified_gmt":"2020-11-04T14:08:58","slug":"un-ciudadano-de-tala-denuncia-incendio-intencional","status":"publish","type":"post","link":"https:\/\/eldiariodesanpedro.com.ar\/sitio\/un-ciudadano-de-tala-denuncia-incendio-intencional\/","title":{"rendered":"Un ciudadano de Tala denuncia incendio intencional"},"content":{"rendered":"<!-- VideographyWP Plugin Message: Automatic video embedding prevented by plugin options. -->\n\n<p>Este martes en el destacamento de la vecina localidad de R\u00edo Tala se recibi\u00f3 la denuncia de un ciudadano de 56 a\u00f1os, que es propietario de predio ubicado en Ruta Provincial No. 1001 y Ex Combatientes de Malvinas, que al hacerse presente el d\u00eda domingo da cuenta de que ignorados han incendiado cortina de eucaliptos que delimitan el mismo.<\/p>\n","protected":false},"excerpt":{"rendered":"<p>Este martes en el destacamento de la vecina localidad de R\u00edo Tala se recibi\u00f3 la denuncia de un ciudadano de 56 a\u00f1os, que es propietario de predio ubicado en Ruta Provincial No. 1001 y Ex Combatientes de Malvinas, que al hacerse presente el d\u00eda domingo da cuenta de que ignorados han incendiado cortina de eucaliptos [&hellip;]<\/p>\n","protected":false},"author":4,"featured_media":74624,"comment_status":"open","ping_status":"closed","sticky":false,"template":"","format":"standard","meta":{"om_disable_all_campaigns":false,"_jetpack_memberships_contains_paid_content":false,"footnotes":""},"categories":[2,103],"tags":[197,33,95,19],"class_list":["post-83109","post","type-post","status-publish","format-standard","has-post-thumbnail","hentry","category-locales","category-policiales-locales","tag-buenos-aires","tag-locales","tag-policiales","tag-san-pedro"],"aioseo_notices":[],"gutentor_comment":0,"jetpack_featured_media_url":"https:\/\/eldiariodesanpedro.com.ar\/sitio\/wp-content\/uploads\/2020\/05\/DSC_0288_1.jpg","jetpack_shortlink":"https:\/\/wp.me\/p6RhLt-lCt","jetpack_sharing_enabled":true,"_links":{"self":[{"href":"https:\/\/eldiariodesanpedro.com.ar\/sitio\/wp-json\/wp\/v2\/posts\/83109","targetHints":{"allow":["GET"]}}],"collection":[{"href":"https:\/\/eldiariodesanpedro.com.ar\/sitio\/wp-json\/wp\/v2\/posts"}],"about":[{"href":"https:\/\/eldiariodesanpedro.com.ar\/sitio\/wp-json\/wp\/v2\/types\/post"}],"author":[{"embeddable":true,"href":"https:\/\/eldiariodesanpedro.com.ar\/sitio\/wp-json\/wp\/v2\/users\/4"}],"replies":[{"embeddable":true,"href":"https:\/\/eldiariodesanpedro.com.ar\/sitio\/wp-json\/wp\/v2\/comments?post=83109"}],"version-history":[{"count":1,"href":"https:\/\/eldiariodesanpedro.com.ar\/sitio\/wp-json\/wp\/v2\/posts\/83109\/revisions"}],"predecessor-version":[{"id":83110,"href":"https:\/\/eldiariodesanpedro.com.ar\/sitio\/wp-json\/wp\/v2\/posts\/83109\/revisions\/83110"}],"wp:featuredmedia":[{"embeddable":true,"href":"https:\/\/eldiariodesanpedro.com.ar\/sitio\/wp-json\/wp\/v2\/media\/74624"}],"wp:attachment":[{"href":"https:\/\/eldiariodesanpedro.com.ar\/sitio\/wp-json\/wp\/v2\/media?parent=83109"}],"wp:term":[{"taxonomy":"category","embeddable":true,"href":"https:\/\/eldiariodesanpedro.com.ar\/sitio\/wp-json\/wp\/v2\/categories?post=83109"},{"taxonomy":"post_tag","embeddable":true,"href":"https:\/\/eldiariodesanpedro.com.ar\/sitio\/wp-json\/wp\/v2\/tags?post=83109"}],"curies":[{"name":"wp","href":"https:\/\/api.w.org\/{rel}","templated":true}]}}