{"id":83105,"date":"2020-11-04T10:59:03","date_gmt":"2020-11-04T13:59:03","guid":{"rendered":"https:\/\/eldiariodesanpedro.com.ar\/sitio\/?p=83105"},"modified":"2020-11-04T10:59:24","modified_gmt":"2020-11-04T13:59:24","slug":"un-joven-con-un-cigarrillo-de-marihuana-aprehenedido","status":"publish","type":"post","link":"https:\/\/eldiariodesanpedro.com.ar\/sitio\/un-joven-con-un-cigarrillo-de-marihuana-aprehenedido\/","title":{"rendered":"Un joven con un cigarrillo de marihuana aprehendido"},"content":{"rendered":"<!-- VideographyWP Plugin Message: Automatic video embedding prevented by plugin options. -->\n\n<p>En la jornada del martes la polic\u00eda de nuestra ciudad realiz\u00f3 la aprehensi\u00f3n de un ciudadano con tenencia de estupefacientes.<\/p>\n\n\n\n<p>El d\u00eda de ayer por la ma\u00f1ana el personal policial en Av. 3 de Febrero y Crucero Gral. Belgrano, identific\u00f3 a masculino 18 a\u00f1os, secuestrando en su poder cigarrillo con sustancia marihuana, se lo traslado a sede policial fines de notificaci\u00f3n de causa con intervenci\u00f3n de la justicia local.<\/p>\n","protected":false},"excerpt":{"rendered":"<p>En la jornada del martes la polic\u00eda de nuestra ciudad realiz\u00f3 la aprehensi\u00f3n de un ciudadano con tenencia de estupefacientes. El d\u00eda de ayer por la ma\u00f1ana el personal policial en Av. 3 de Febrero y Crucero Gral. Belgrano, identific\u00f3 a masculino 18 a\u00f1os, secuestrando en su poder cigarrillo con sustancia marihuana, se lo traslado [&hellip;]<\/p>\n","protected":false},"author":4,"featured_media":77910,"comment_status":"open","ping_status":"closed","sticky":false,"template":"","format":"standard","meta":{"om_disable_all_campaigns":false,"_jetpack_memberships_contains_paid_content":false,"footnotes":""},"categories":[2,103],"tags":[197,33,95,19],"class_list":["post-83105","post","type-post","status-publish","format-standard","has-post-thumbnail","hentry","category-locales","category-policiales-locales","tag-buenos-aires","tag-locales","tag-policiales","tag-san-pedro"],"aioseo_notices":[],"gutentor_comment":0,"jetpack_featured_media_url":"https:\/\/eldiariodesanpedro.com.ar\/sitio\/wp-content\/uploads\/2020\/07\/no_ssowqejple3k931nop1c56465t83uu31kc3o1tm219bh1_1_.jpg","jetpack_shortlink":"https:\/\/wp.me\/p6RhLt-lCp","jetpack_sharing_enabled":true,"_links":{"self":[{"href":"https:\/\/eldiariodesanpedro.com.ar\/sitio\/wp-json\/wp\/v2\/posts\/83105","targetHints":{"allow":["GET"]}}],"collection":[{"href":"https:\/\/eldiariodesanpedro.com.ar\/sitio\/wp-json\/wp\/v2\/posts"}],"about":[{"href":"https:\/\/eldiariodesanpedro.com.ar\/sitio\/wp-json\/wp\/v2\/types\/post"}],"author":[{"embeddable":true,"href":"https:\/\/eldiariodesanpedro.com.ar\/sitio\/wp-json\/wp\/v2\/users\/4"}],"replies":[{"embeddable":true,"href":"https:\/\/eldiariodesanpedro.com.ar\/sitio\/wp-json\/wp\/v2\/comments?post=83105"}],"version-history":[{"count":2,"href":"https:\/\/eldiariodesanpedro.com.ar\/sitio\/wp-json\/wp\/v2\/posts\/83105\/revisions"}],"predecessor-version":[{"id":83107,"href":"https:\/\/eldiariodesanpedro.com.ar\/sitio\/wp-json\/wp\/v2\/posts\/83105\/revisions\/83107"}],"wp:featuredmedia":[{"embeddable":true,"href":"https:\/\/eldiariodesanpedro.com.ar\/sitio\/wp-json\/wp\/v2\/media\/77910"}],"wp:attachment":[{"href":"https:\/\/eldiariodesanpedro.com.ar\/sitio\/wp-json\/wp\/v2\/media?parent=83105"}],"wp:term":[{"taxonomy":"category","embeddable":true,"href":"https:\/\/eldiariodesanpedro.com.ar\/sitio\/wp-json\/wp\/v2\/categories?post=83105"},{"taxonomy":"post_tag","embeddable":true,"href":"https:\/\/eldiariodesanpedro.com.ar\/sitio\/wp-json\/wp\/v2\/tags?post=83105"}],"curies":[{"name":"wp","href":"https:\/\/api.w.org\/{rel}","templated":true}]}}