{"id":83079,"date":"2020-11-03T18:20:48","date_gmt":"2020-11-03T21:20:48","guid":{"rendered":"https:\/\/eldiariodesanpedro.com.ar\/sitio\/?p=83079"},"modified":"2020-11-03T18:20:52","modified_gmt":"2020-11-03T21:20:52","slug":"firma-del-acta-de-compromiso-con-la-red-de-municipios-cooperativos-2","status":"publish","type":"post","link":"https:\/\/eldiariodesanpedro.com.ar\/sitio\/firma-del-acta-de-compromiso-con-la-red-de-municipios-cooperativos-2\/","title":{"rendered":"Firma del Acta de Compromiso con la Red de Municipios Cooperativos"},"content":{"rendered":"<!-- VideographyWP Plugin Message: Automatic video embedding prevented by plugin options. -->\n\n<p>Este martes, en el Sal\u00f3n Dorado del HCD, se llev\u00f3 a cabo la Firma del Acta de Compromiso con la Red de Municipios Cooperativos de todo el pa\u00eds, que establece la incorporaci\u00f3n de nuestro distrito a la Red de Municipios Cooperativos que involucrar\u00e1 con distintos programas a organizaciones de este tipo en nuestra zona.<\/p>\n\n\n\n<p>Estuvieron presentes, el Intendente Municipal Cecilio Salazar y el Dr. Ariel Guarco, Presidente de COOPERAR, la Confederaci\u00f3n de Cooperativas de la Provincia de Buenos Aires y de la Alianza Cooperativa Internacional.<\/p>\n\n\n\n<p>Estuvieron acompa\u00f1ados para la firma del acta por Cristian Alberto Horton, Presidente de FECOOTRA ( Federaci\u00f3n de Cooperativas de Trabajo de la Rep\u00fablica Argentina), Ramiro Emiliano Mart\u00ednez, Presidente de CONARCOOP (Confederaci\u00f3n Argentina de Trabajadores Cooperativos Asociados), Roberto Zucarelli, Vicepresidente de APEBA (Asociaci\u00f3n de Prestadores El\u00e9ctricos de la Provincia de Buenos Aires) y representantes de distintas cooperativas establecidas en nuestra ciudad.<\/p>\n\n\n\n<p>La Red de Municipios Cooperativos, impulsada por la Confederaci\u00f3n Cooperativa y sus entidades asociadas en todo el pa\u00eds viene creciendo con el esfuerzos de los gobiernos municipales y de las cooperativas de cada una de esas ciudades como instituciones fundamentales para la gesti\u00f3n de proyectos que permitan trabajar juntos en beneficio de sus asociados y de toda la comunidad.<\/p>\n\n\n\n<p>A partir de este encuentro la propuesta es reforzar y reimpulsar el desarrollo local cooperativo incluyendo los distintos sectores econ\u00f3micos, urbanizaci\u00f3n, servicios esenciales, ahorro y cr\u00e9dito, consumo, comunicaci\u00f3n y en general la promoci\u00f3n de emprendimientos cooperativos que generen ingreso y trabajo en el territorio.<\/p>\n\n\n\n<p>A partir de esta firma, San Pedro ingresa a una Red de Municipios Cooperativos, como \u00e1mbito de articulaci\u00f3n de los esfuerzos locales dirigidos a contribuir con el desaf\u00edo del desarrollo sostenible.<\/p>\n\n\n\n<figure class=\"wp-block-image size-large\"><img decoding=\"async\" width=\"1024\" height=\"683\" data-attachment-id=\"83081\" data-permalink=\"https:\/\/eldiariodesanpedro.com.ar\/sitio\/firma-del-acta-de-compromiso-con-la-red-de-municipios-cooperativos-2\/123140707_3470496469711670_605960874632145274_o\/\" data-orig-file=\"https:\/\/eldiariodesanpedro.com.ar\/sitio\/wp-content\/uploads\/2020\/11\/123140707_3470496469711670_605960874632145274_o.jpg\" data-orig-size=\"2048,1365\" data-comments-opened=\"1\" data-image-meta=\"{&quot;aperture&quot;:&quot;0&quot;,&quot;credit&quot;:&quot;&quot;,&quot;camera&quot;:&quot;&quot;,&quot;caption&quot;:&quot;&quot;,&quot;created_timestamp&quot;:&quot;0&quot;,&quot;copyright&quot;:&quot;&quot;,&quot;focal_length&quot;:&quot;0&quot;,&quot;iso&quot;:&quot;0&quot;,&quot;shutter_speed&quot;:&quot;0&quot;,&quot;title&quot;:&quot;&quot;,&quot;orientation&quot;:&quot;0&quot;}\" data-image-title=\"123140707_3470496469711670_605960874632145274_o\" data-image-description=\"\" data-image-caption=\"\" data-large-file=\"https:\/\/eldiariodesanpedro.com.ar\/sitio\/wp-content\/uploads\/2020\/11\/123140707_3470496469711670_605960874632145274_o-1024x683.jpg\" data-src=\"https:\/\/eldiariodesanpedro.com.ar\/sitio\/wp-content\/uploads\/2020\/11\/123140707_3470496469711670_605960874632145274_o-1024x683.jpg\" alt=\"\" class=\"wp-image-83081 lazyload\" data-srcset=\"https:\/\/eldiariodesanpedro.com.ar\/sitio\/wp-content\/uploads\/2020\/11\/123140707_3470496469711670_605960874632145274_o-1024x683.jpg 1024w, https:\/\/eldiariodesanpedro.com.ar\/sitio\/wp-content\/uploads\/2020\/11\/123140707_3470496469711670_605960874632145274_o-300x200.jpg 300w, https:\/\/eldiariodesanpedro.com.ar\/sitio\/wp-content\/uploads\/2020\/11\/123140707_3470496469711670_605960874632145274_o-768x512.jpg 768w, https:\/\/eldiariodesanpedro.com.ar\/sitio\/wp-content\/uploads\/2020\/11\/123140707_3470496469711670_605960874632145274_o-1536x1024.jpg 1536w, https:\/\/eldiariodesanpedro.com.ar\/sitio\/wp-content\/uploads\/2020\/11\/123140707_3470496469711670_605960874632145274_o.jpg 2048w\" data-sizes=\"(max-width: 1024px) 100vw, 1024px\" src=\"data:image\/svg+xml;base64,PHN2ZyB3aWR0aD0iMSIgaGVpZ2h0PSIxIiB4bWxucz0iaHR0cDovL3d3dy53My5vcmcvMjAwMC9zdmciPjwvc3ZnPg==\" style=\"--smush-placeholder-width: 1024px; --smush-placeholder-aspect-ratio: 1024\/683;\" \/><\/figure>\n\n\n\n<figure class=\"wp-block-image size-large\"><img decoding=\"async\" width=\"1024\" height=\"683\" data-attachment-id=\"83083\" data-permalink=\"https:\/\/eldiariodesanpedro.com.ar\/sitio\/firma-del-acta-de-compromiso-con-la-red-de-municipios-cooperativos-2\/123284489_3470497683044882_5160609718489608541_o\/\" data-orig-file=\"https:\/\/eldiariodesanpedro.com.ar\/sitio\/wp-content\/uploads\/2020\/11\/123284489_3470497683044882_5160609718489608541_o.jpg\" data-orig-size=\"2048,1365\" data-comments-opened=\"1\" data-image-meta=\"{&quot;aperture&quot;:&quot;0&quot;,&quot;credit&quot;:&quot;&quot;,&quot;camera&quot;:&quot;&quot;,&quot;caption&quot;:&quot;&quot;,&quot;created_timestamp&quot;:&quot;0&quot;,&quot;copyright&quot;:&quot;&quot;,&quot;focal_length&quot;:&quot;0&quot;,&quot;iso&quot;:&quot;0&quot;,&quot;shutter_speed&quot;:&quot;0&quot;,&quot;title&quot;:&quot;&quot;,&quot;orientation&quot;:&quot;0&quot;}\" data-image-title=\"123284489_3470497683044882_5160609718489608541_o\" data-image-description=\"\" data-image-caption=\"\" data-large-file=\"https:\/\/eldiariodesanpedro.com.ar\/sitio\/wp-content\/uploads\/2020\/11\/123284489_3470497683044882_5160609718489608541_o-1024x683.jpg\" data-src=\"https:\/\/eldiariodesanpedro.com.ar\/sitio\/wp-content\/uploads\/2020\/11\/123284489_3470497683044882_5160609718489608541_o-1024x683.jpg\" alt=\"\" class=\"wp-image-83083 lazyload\" data-srcset=\"https:\/\/eldiariodesanpedro.com.ar\/sitio\/wp-content\/uploads\/2020\/11\/123284489_3470497683044882_5160609718489608541_o-1024x683.jpg 1024w, https:\/\/eldiariodesanpedro.com.ar\/sitio\/wp-content\/uploads\/2020\/11\/123284489_3470497683044882_5160609718489608541_o-300x200.jpg 300w, https:\/\/eldiariodesanpedro.com.ar\/sitio\/wp-content\/uploads\/2020\/11\/123284489_3470497683044882_5160609718489608541_o-768x512.jpg 768w, https:\/\/eldiariodesanpedro.com.ar\/sitio\/wp-content\/uploads\/2020\/11\/123284489_3470497683044882_5160609718489608541_o-1536x1024.jpg 1536w, https:\/\/eldiariodesanpedro.com.ar\/sitio\/wp-content\/uploads\/2020\/11\/123284489_3470497683044882_5160609718489608541_o.jpg 2048w\" data-sizes=\"(max-width: 1024px) 100vw, 1024px\" src=\"data:image\/svg+xml;base64,PHN2ZyB3aWR0aD0iMSIgaGVpZ2h0PSIxIiB4bWxucz0iaHR0cDovL3d3dy53My5vcmcvMjAwMC9zdmciPjwvc3ZnPg==\" style=\"--smush-placeholder-width: 1024px; --smush-placeholder-aspect-ratio: 1024\/683;\" \/><\/figure>\n\n\n\n<figure class=\"wp-block-image size-large\"><img decoding=\"async\" width=\"1024\" height=\"665\" data-attachment-id=\"83084\" data-permalink=\"https:\/\/eldiariodesanpedro.com.ar\/sitio\/firma-del-acta-de-compromiso-con-la-red-de-municipios-cooperativos-2\/123683539_3470496929711624_3201986413198482581_o\/\" data-orig-file=\"https:\/\/eldiariodesanpedro.com.ar\/sitio\/wp-content\/uploads\/2020\/11\/123683539_3470496929711624_3201986413198482581_o.jpg\" data-orig-size=\"1850,1201\" data-comments-opened=\"1\" data-image-meta=\"{&quot;aperture&quot;:&quot;0&quot;,&quot;credit&quot;:&quot;&quot;,&quot;camera&quot;:&quot;&quot;,&quot;caption&quot;:&quot;&quot;,&quot;created_timestamp&quot;:&quot;0&quot;,&quot;copyright&quot;:&quot;&quot;,&quot;focal_length&quot;:&quot;0&quot;,&quot;iso&quot;:&quot;0&quot;,&quot;shutter_speed&quot;:&quot;0&quot;,&quot;title&quot;:&quot;&quot;,&quot;orientation&quot;:&quot;0&quot;}\" data-image-title=\"123683539_3470496929711624_3201986413198482581_o\" data-image-description=\"\" data-image-caption=\"\" data-large-file=\"https:\/\/eldiariodesanpedro.com.ar\/sitio\/wp-content\/uploads\/2020\/11\/123683539_3470496929711624_3201986413198482581_o-1024x665.jpg\" data-src=\"https:\/\/eldiariodesanpedro.com.ar\/sitio\/wp-content\/uploads\/2020\/11\/123683539_3470496929711624_3201986413198482581_o-1024x665.jpg\" alt=\"\" class=\"wp-image-83084 lazyload\" data-srcset=\"https:\/\/eldiariodesanpedro.com.ar\/sitio\/wp-content\/uploads\/2020\/11\/123683539_3470496929711624_3201986413198482581_o-1024x665.jpg 1024w, https:\/\/eldiariodesanpedro.com.ar\/sitio\/wp-content\/uploads\/2020\/11\/123683539_3470496929711624_3201986413198482581_o-300x195.jpg 300w, https:\/\/eldiariodesanpedro.com.ar\/sitio\/wp-content\/uploads\/2020\/11\/123683539_3470496929711624_3201986413198482581_o-768x499.jpg 768w, https:\/\/eldiariodesanpedro.com.ar\/sitio\/wp-content\/uploads\/2020\/11\/123683539_3470496929711624_3201986413198482581_o-1536x997.jpg 1536w, https:\/\/eldiariodesanpedro.com.ar\/sitio\/wp-content\/uploads\/2020\/11\/123683539_3470496929711624_3201986413198482581_o.jpg 1850w\" data-sizes=\"(max-width: 1024px) 100vw, 1024px\" src=\"data:image\/svg+xml;base64,PHN2ZyB3aWR0aD0iMSIgaGVpZ2h0PSIxIiB4bWxucz0iaHR0cDovL3d3dy53My5vcmcvMjAwMC9zdmciPjwvc3ZnPg==\" style=\"--smush-placeholder-width: 1024px; --smush-placeholder-aspect-ratio: 1024\/665;\" \/><\/figure>\n\n\n\n<p><\/p>\n","protected":false},"excerpt":{"rendered":"<p>Este martes, en el Sal\u00f3n Dorado del HCD, se llev\u00f3 a cabo la Firma del Acta de Compromiso con la Red de Municipios Cooperativos de todo el pa\u00eds, que establece la incorporaci\u00f3n de nuestro distrito a la Red de Municipios Cooperativos que involucrar\u00e1 con distintos programas a organizaciones de este tipo en nuestra zona. Estuvieron [&hellip;]<\/p>\n","protected":false},"author":4,"featured_media":83085,"comment_status":"open","ping_status":"closed","sticky":false,"template":"","format":"standard","meta":{"om_disable_all_campaigns":false,"_jetpack_memberships_contains_paid_content":false,"footnotes":""},"categories":[50,101,2],"tags":[197,696,33,19],"class_list":["post-83079","post","type-post","status-publish","format-standard","has-post-thumbnail","hentry","category-destacadas","category-interes-general-locales","category-locales","tag-buenos-aires","tag-interes-general","tag-locales","tag-san-pedro"],"aioseo_notices":[],"gutentor_comment":0,"jetpack_featured_media_url":"https:\/\/eldiariodesanpedro.com.ar\/sitio\/wp-content\/uploads\/2020\/11\/123908348_3470496256378358_6453937293759503299_o.jpg","jetpack_shortlink":"https:\/\/wp.me\/p6RhLt-lBZ","jetpack_sharing_enabled":true,"_links":{"self":[{"href":"https:\/\/eldiariodesanpedro.com.ar\/sitio\/wp-json\/wp\/v2\/posts\/83079","targetHints":{"allow":["GET"]}}],"collection":[{"href":"https:\/\/eldiariodesanpedro.com.ar\/sitio\/wp-json\/wp\/v2\/posts"}],"about":[{"href":"https:\/\/eldiariodesanpedro.com.ar\/sitio\/wp-json\/wp\/v2\/types\/post"}],"author":[{"embeddable":true,"href":"https:\/\/eldiariodesanpedro.com.ar\/sitio\/wp-json\/wp\/v2\/users\/4"}],"replies":[{"embeddable":true,"href":"https:\/\/eldiariodesanpedro.com.ar\/sitio\/wp-json\/wp\/v2\/comments?post=83079"}],"version-history":[{"count":1,"href":"https:\/\/eldiariodesanpedro.com.ar\/sitio\/wp-json\/wp\/v2\/posts\/83079\/revisions"}],"predecessor-version":[{"id":83086,"href":"https:\/\/eldiariodesanpedro.com.ar\/sitio\/wp-json\/wp\/v2\/posts\/83079\/revisions\/83086"}],"wp:featuredmedia":[{"embeddable":true,"href":"https:\/\/eldiariodesanpedro.com.ar\/sitio\/wp-json\/wp\/v2\/media\/83085"}],"wp:attachment":[{"href":"https:\/\/eldiariodesanpedro.com.ar\/sitio\/wp-json\/wp\/v2\/media?parent=83079"}],"wp:term":[{"taxonomy":"category","embeddable":true,"href":"https:\/\/eldiariodesanpedro.com.ar\/sitio\/wp-json\/wp\/v2\/categories?post=83079"},{"taxonomy":"post_tag","embeddable":true,"href":"https:\/\/eldiariodesanpedro.com.ar\/sitio\/wp-json\/wp\/v2\/tags?post=83079"}],"curies":[{"name":"wp","href":"https:\/\/api.w.org\/{rel}","templated":true}]}}