{"id":83075,"date":"2020-11-03T18:11:08","date_gmt":"2020-11-03T21:11:08","guid":{"rendered":"https:\/\/eldiariodesanpedro.com.ar\/sitio\/?p=83075"},"modified":"2020-11-03T18:11:13","modified_gmt":"2020-11-03T21:11:13","slug":"el-intendente-salazar-participo-de-una-reunion-con-el-jefe-de-gabinete-santiago-cafiero","status":"publish","type":"post","link":"https:\/\/eldiariodesanpedro.com.ar\/sitio\/el-intendente-salazar-participo-de-una-reunion-con-el-jefe-de-gabinete-santiago-cafiero\/","title":{"rendered":"El Intendente Salazar particip\u00f3 de una reuni\u00f3n con el Jefe de Gabinete Santiago Cafiero"},"content":{"rendered":"<!-- VideographyWP Plugin Message: Automatic video embedding prevented by plugin options. -->\n\n<p>En el marco la presentaci\u00f3n formal de Jos\u00e9 Voytenco como nuevo secretario General de la UATRE, el Intendente Cecilio Salazar fue parte de una extensa reuni\u00f3n con el Jefe de Gabinete Santiago Cafiero en la ciudad de Buenos Aires.<\/p>\n\n\n\n<p>Dentro de la agenda que tambi\u00e9n incluy\u00f3 la reuni\u00f3n con el Ministro Katopodis, el Intendente tuvo la oportunidad de compartir una charla muy productiva con uno de los m\u00e1ximos funcionarios del gobierno nacional.<\/p>\n\n\n\n<p>Adem\u00e1s de respaldar a quien ha ocupado el lugar del recientemente desaparecido Ram\u00f3n Ayala y compartir su experiencia como dirigente de larga trayectoria dentro de la UATRE, Salazar pudo repasar diferentes temas relacionados con la realidad pol\u00edtica nacional y provincial, haciendo tambi\u00e9n un recorrido por la situaci\u00f3n general de San Pedro.<\/p>\n\n\n\n<p>El Jefe de Gabinete adelant\u00f3 algunas iniciativas que se est\u00e1n manejando desde el gobierno nacional para reimpulsar todos los sectores de la econom\u00eda y de la producci\u00f3n, dentro de las cu\u00e1les San Pedro ser\u00eda beneficiada por sus diferentes perfiles.<\/p>\n\n\n\n<p>El Intendente invit\u00f3 formalmente al funcionario y por su intermedio al Presidente Alberto Fern\u00e1ndez a recorrer la zona pr\u00f3ximamente y, como con otros funcionarios de primer orden nacional y provincial, ha quedado abierto un canal de comunicaci\u00f3n flu\u00eddo que puede resultar muy positivo para nuestra ciudad.<\/p>\n\n\n\n<figure class=\"wp-block-image size-large\"><img decoding=\"async\" width=\"1024\" height=\"669\" data-attachment-id=\"83076\" data-permalink=\"https:\/\/eldiariodesanpedro.com.ar\/sitio\/el-intendente-salazar-participo-de-una-reunion-con-el-jefe-de-gabinete-santiago-cafiero\/whatsapp-image-2020-11-03-at-18-07-33\/\" data-orig-file=\"https:\/\/eldiariodesanpedro.com.ar\/sitio\/wp-content\/uploads\/2020\/11\/WhatsApp-Image-2020-11-03-at-18.07.33.jpeg\" data-orig-size=\"1280,836\" data-comments-opened=\"1\" data-image-meta=\"{&quot;aperture&quot;:&quot;0&quot;,&quot;credit&quot;:&quot;&quot;,&quot;camera&quot;:&quot;&quot;,&quot;caption&quot;:&quot;&quot;,&quot;created_timestamp&quot;:&quot;0&quot;,&quot;copyright&quot;:&quot;&quot;,&quot;focal_length&quot;:&quot;0&quot;,&quot;iso&quot;:&quot;0&quot;,&quot;shutter_speed&quot;:&quot;0&quot;,&quot;title&quot;:&quot;&quot;,&quot;orientation&quot;:&quot;0&quot;}\" data-image-title=\"WhatsApp Image 2020-11-03 at 18.07.33\" data-image-description=\"\" data-image-caption=\"\" data-large-file=\"https:\/\/eldiariodesanpedro.com.ar\/sitio\/wp-content\/uploads\/2020\/11\/WhatsApp-Image-2020-11-03-at-18.07.33-1024x669.jpeg\" data-src=\"https:\/\/eldiariodesanpedro.com.ar\/sitio\/wp-content\/uploads\/2020\/11\/WhatsApp-Image-2020-11-03-at-18.07.33-1024x669.jpeg\" alt=\"\" class=\"wp-image-83076 lazyload\" data-srcset=\"https:\/\/eldiariodesanpedro.com.ar\/sitio\/wp-content\/uploads\/2020\/11\/WhatsApp-Image-2020-11-03-at-18.07.33-1024x669.jpeg 1024w, https:\/\/eldiariodesanpedro.com.ar\/sitio\/wp-content\/uploads\/2020\/11\/WhatsApp-Image-2020-11-03-at-18.07.33-300x196.jpeg 300w, https:\/\/eldiariodesanpedro.com.ar\/sitio\/wp-content\/uploads\/2020\/11\/WhatsApp-Image-2020-11-03-at-18.07.33-768x502.jpeg 768w, https:\/\/eldiariodesanpedro.com.ar\/sitio\/wp-content\/uploads\/2020\/11\/WhatsApp-Image-2020-11-03-at-18.07.33.jpeg 1280w\" data-sizes=\"(max-width: 1024px) 100vw, 1024px\" src=\"data:image\/svg+xml;base64,PHN2ZyB3aWR0aD0iMSIgaGVpZ2h0PSIxIiB4bWxucz0iaHR0cDovL3d3dy53My5vcmcvMjAwMC9zdmciPjwvc3ZnPg==\" style=\"--smush-placeholder-width: 1024px; --smush-placeholder-aspect-ratio: 1024\/669;\" \/><\/figure>\n","protected":false},"excerpt":{"rendered":"<p>En el marco la presentaci\u00f3n formal de Jos\u00e9 Voytenco como nuevo secretario General de la UATRE, el Intendente Cecilio Salazar fue parte de una extensa reuni\u00f3n con el Jefe de Gabinete Santiago Cafiero en la ciudad de Buenos Aires. Dentro de la agenda que tambi\u00e9n incluy\u00f3 la reuni\u00f3n con el Ministro Katopodis, el Intendente tuvo [&hellip;]<\/p>\n","protected":false},"author":4,"featured_media":83077,"comment_status":"open","ping_status":"closed","sticky":false,"template":"","format":"standard","meta":{"om_disable_all_campaigns":false,"_jetpack_memberships_contains_paid_content":false,"footnotes":""},"categories":[50,101,2],"tags":[197,696,33,1040,1859],"class_list":["post-83075","post","type-post","status-publish","format-standard","has-post-thumbnail","hentry","category-destacadas","category-interes-general-locales","category-locales","tag-buenos-aires","tag-interes-general","tag-locales","tag-san-pedro-buenos-aires","tag-santiago-cafiero"],"aioseo_notices":[],"gutentor_comment":0,"jetpack_featured_media_url":"https:\/\/eldiariodesanpedro.com.ar\/sitio\/wp-content\/uploads\/2020\/11\/WhatsApp-Image-2020-11-03-at-18.07.34.jpeg","jetpack_shortlink":"https:\/\/wp.me\/p6RhLt-lBV","jetpack_sharing_enabled":true,"_links":{"self":[{"href":"https:\/\/eldiariodesanpedro.com.ar\/sitio\/wp-json\/wp\/v2\/posts\/83075","targetHints":{"allow":["GET"]}}],"collection":[{"href":"https:\/\/eldiariodesanpedro.com.ar\/sitio\/wp-json\/wp\/v2\/posts"}],"about":[{"href":"https:\/\/eldiariodesanpedro.com.ar\/sitio\/wp-json\/wp\/v2\/types\/post"}],"author":[{"embeddable":true,"href":"https:\/\/eldiariodesanpedro.com.ar\/sitio\/wp-json\/wp\/v2\/users\/4"}],"replies":[{"embeddable":true,"href":"https:\/\/eldiariodesanpedro.com.ar\/sitio\/wp-json\/wp\/v2\/comments?post=83075"}],"version-history":[{"count":1,"href":"https:\/\/eldiariodesanpedro.com.ar\/sitio\/wp-json\/wp\/v2\/posts\/83075\/revisions"}],"predecessor-version":[{"id":83078,"href":"https:\/\/eldiariodesanpedro.com.ar\/sitio\/wp-json\/wp\/v2\/posts\/83075\/revisions\/83078"}],"wp:featuredmedia":[{"embeddable":true,"href":"https:\/\/eldiariodesanpedro.com.ar\/sitio\/wp-json\/wp\/v2\/media\/83077"}],"wp:attachment":[{"href":"https:\/\/eldiariodesanpedro.com.ar\/sitio\/wp-json\/wp\/v2\/media?parent=83075"}],"wp:term":[{"taxonomy":"category","embeddable":true,"href":"https:\/\/eldiariodesanpedro.com.ar\/sitio\/wp-json\/wp\/v2\/categories?post=83075"},{"taxonomy":"post_tag","embeddable":true,"href":"https:\/\/eldiariodesanpedro.com.ar\/sitio\/wp-json\/wp\/v2\/tags?post=83075"}],"curies":[{"name":"wp","href":"https:\/\/api.w.org\/{rel}","templated":true}]}}