{"id":83072,"date":"2020-11-03T13:07:46","date_gmt":"2020-11-03T16:07:46","guid":{"rendered":"https:\/\/eldiariodesanpedro.com.ar\/sitio\/?p=83072"},"modified":"2020-11-03T13:07:50","modified_gmt":"2020-11-03T16:07:50","slug":"el-presidente-alberto-fernandez-estara-presente-el-20-de-noviembre-en-vuelta-de-obligado","status":"publish","type":"post","link":"https:\/\/eldiariodesanpedro.com.ar\/sitio\/el-presidente-alberto-fernandez-estara-presente-el-20-de-noviembre-en-vuelta-de-obligado\/","title":{"rendered":"El presidente Alberto Fernandez estar\u00e1 presente el 20 de noviembre en Vuelta de Obligado"},"content":{"rendered":"<!-- VideographyWP Plugin Message: Automatic video embedding prevented by plugin options. -->\n\n<p>En el d\u00eda de hoy el Intendente Cecilio Salazar confirmo que tras la reuni\u00f3n sostenida con Jefe de Ministro de la Nac\u00edon Santiago Cafiero y  Gabriel Katopodi Ministro de Obras Publicas para solicitar obras para nuestra ciudad, confirm\u00f3 que el Presidente estar\u00e1 presente en el acto del 20 de noviembre en el aniversario de la Batalla de Vuelta de Obligado.<\/p>\n\n\n\n<p>En los pr\u00f3ximos d\u00edas se recibir\u00e1 el personal de protocolo de la nac\u00edan para coordinar la presencia del Presidente en la vecina localidad de Vuelta de Obligado.<\/p>\n\n\n\n<p>Recordemos que la ultima vez que un presidente estuvo presente para este evento fue la actual vicepresidente Cristina Kirchner en el 2016, el ex presidente Mauricio Macri nunca visito el sitio hist\u00f3rico de nuestra ciudad.<\/p>\n","protected":false},"excerpt":{"rendered":"<p>En el d\u00eda de hoy el Intendente Cecilio Salazar confirmo que tras la reuni\u00f3n sostenida con Jefe de Ministro de la Nac\u00edon Santiago Cafiero y Gabriel Katopodi Ministro de Obras Publicas para solicitar obras para nuestra ciudad, confirm\u00f3 que el Presidente estar\u00e1 presente en el acto del 20 de noviembre en el aniversario de la [&hellip;]<\/p>\n","protected":false},"author":4,"featured_media":83073,"comment_status":"open","ping_status":"closed","sticky":false,"template":"","format":"standard","meta":{"om_disable_all_campaigns":false,"_jetpack_memberships_contains_paid_content":false,"footnotes":""},"categories":[50,101,2],"tags":[1858,197,1031,33],"class_list":["post-83072","post","type-post","status-publish","format-standard","has-post-thumbnail","hentry","category-destacadas","category-interes-general-locales","category-locales","tag-alberto-fernandez","tag-buenos-aires","tag-interes-general-2","tag-locales"],"aioseo_notices":[],"gutentor_comment":0,"jetpack_featured_media_url":"https:\/\/eldiariodesanpedro.com.ar\/sitio\/wp-content\/uploads\/2020\/11\/1440x810_cmsv2_90bb5feb-c2f7-57ec-83b8-aee716e7d813-4085300.jpg","jetpack_shortlink":"https:\/\/wp.me\/p6RhLt-lBS","jetpack_sharing_enabled":true,"_links":{"self":[{"href":"https:\/\/eldiariodesanpedro.com.ar\/sitio\/wp-json\/wp\/v2\/posts\/83072","targetHints":{"allow":["GET"]}}],"collection":[{"href":"https:\/\/eldiariodesanpedro.com.ar\/sitio\/wp-json\/wp\/v2\/posts"}],"about":[{"href":"https:\/\/eldiariodesanpedro.com.ar\/sitio\/wp-json\/wp\/v2\/types\/post"}],"author":[{"embeddable":true,"href":"https:\/\/eldiariodesanpedro.com.ar\/sitio\/wp-json\/wp\/v2\/users\/4"}],"replies":[{"embeddable":true,"href":"https:\/\/eldiariodesanpedro.com.ar\/sitio\/wp-json\/wp\/v2\/comments?post=83072"}],"version-history":[{"count":1,"href":"https:\/\/eldiariodesanpedro.com.ar\/sitio\/wp-json\/wp\/v2\/posts\/83072\/revisions"}],"predecessor-version":[{"id":83074,"href":"https:\/\/eldiariodesanpedro.com.ar\/sitio\/wp-json\/wp\/v2\/posts\/83072\/revisions\/83074"}],"wp:featuredmedia":[{"embeddable":true,"href":"https:\/\/eldiariodesanpedro.com.ar\/sitio\/wp-json\/wp\/v2\/media\/83073"}],"wp:attachment":[{"href":"https:\/\/eldiariodesanpedro.com.ar\/sitio\/wp-json\/wp\/v2\/media?parent=83072"}],"wp:term":[{"taxonomy":"category","embeddable":true,"href":"https:\/\/eldiariodesanpedro.com.ar\/sitio\/wp-json\/wp\/v2\/categories?post=83072"},{"taxonomy":"post_tag","embeddable":true,"href":"https:\/\/eldiariodesanpedro.com.ar\/sitio\/wp-json\/wp\/v2\/tags?post=83072"}],"curies":[{"name":"wp","href":"https:\/\/api.w.org\/{rel}","templated":true}]}}