{"id":82872,"date":"2020-10-28T20:31:30","date_gmt":"2020-10-28T23:31:30","guid":{"rendered":"https:\/\/eldiariodesanpedro.com.ar\/sitio\/?p=82872"},"modified":"2020-10-28T20:31:31","modified_gmt":"2020-10-28T23:31:31","slug":"coronavirus-10-positivos-y-15-negativo-los-activos-139-y-solo-resta-1-resultado-no-se-enviaron-muestras-hoy","status":"publish","type":"post","link":"https:\/\/eldiariodesanpedro.com.ar\/sitio\/coronavirus-10-positivos-y-15-negativo-los-activos-139-y-solo-resta-1-resultado-no-se-enviaron-muestras-hoy\/","title":{"rendered":"Coronavirus: 10 positivos y 15 negativo, los activos 139 y solo resta 1 resultado, no se enviaron muestras hoy"},"content":{"rendered":"<!-- VideographyWP Plugin Message: Automatic video embedding prevented by plugin options. -->\n\n<p>La Secretar\u00eda de Salud de la Municipalidad de San Pedro informa la actualizaci\u00f3n de seguimiento a la Pandemia de Covid-19.<\/p>\n\n\n\n<p>INFORME DIARIO<br>La Secretar\u00eda de Salud comparte el informe de actualizaci\u00f3n correspondiente a los \u00faltimos ex\u00e1menes remitidos a los diferentes laboratorios que procesan muestras.<br>Se recibieron 18 resultados de las muestras enviadas al Laboratorio Central Lab, que sumaron 13 resultados negativos y 5 resultados positivos.<br>Los nuevos positivos corresponden a 37 y 58 a\u00f1os; y hombres 39, 45 y 46 a\u00f1os.<br>En el Laboratorio del Hospital SADIV, fueron recibidos 2 resultados negativos y 5 positivos en hombres de 24, 29, 31 y 62 a\u00f1os; y una mujer de 50 a\u00f1os.<\/p>\n\n\n\n<p>Total de nuevos positivos: 10<br>Total de nuevos negativos: 15<\/p>\n\n\n\n<p>Resumen actualizado de informaci\u00f3n oficial<br>Positivos desde el inicio de la Pandemia: 1536<br>Activos: 139<br>Recuperados: 1347<br>Fallecidos: 50<br>\u00daltimo env\u00edo de muestras: 00<br>Muestras pendientes: 1<br>Negativos desde el inicio de la Pandemia: 1842<\/p>\n\n\n\n<p>Los datos consignados en este informe corresponden a ex\u00e1menes realizados por PCR.<\/p>\n\n\n\n<p>&#x1f449; Usar tapabocas.<br>&#x1f449; Mantener la distancia m\u00ednima de 2 metros.<br>&#x1f449; Extremar la higiene de los espacios.<br>&#x1f449; Mantener las manos limpias.<\/p>\n\n\n\n<p>Se recuerda que, ante s\u00edntomas de tos seca, fiebre y dolor de garganta y la probabilidad de haber estado en contacto con enfermos o viajeros llegados desde las zonas transmisi\u00f3n local o comunitaria se puede llamar al 148 o 107.<\/p>\n","protected":false},"excerpt":{"rendered":"<p>La Secretar\u00eda de Salud de la Municipalidad de San Pedro informa la actualizaci\u00f3n de seguimiento a la Pandemia de Covid-19. INFORME DIARIOLa Secretar\u00eda de Salud comparte el informe de actualizaci\u00f3n correspondiente a los \u00faltimos ex\u00e1menes remitidos a los diferentes laboratorios que procesan muestras.Se recibieron 18 resultados de las muestras enviadas al Laboratorio Central Lab, que [&hellip;]<\/p>\n","protected":false},"author":4,"featured_media":79200,"comment_status":"open","ping_status":"closed","sticky":false,"template":"","format":"standard","meta":{"om_disable_all_campaigns":false,"_jetpack_memberships_contains_paid_content":false,"footnotes":""},"categories":[50,101,2],"tags":[197,696,33,19],"class_list":["post-82872","post","type-post","status-publish","format-standard","has-post-thumbnail","hentry","category-destacadas","category-interes-general-locales","category-locales","tag-buenos-aires","tag-interes-general","tag-locales","tag-san-pedro"],"aioseo_notices":[],"gutentor_comment":0,"jetpack_featured_media_url":"https:\/\/eldiariodesanpedro.com.ar\/sitio\/wp-content\/uploads\/2020\/08\/FTRRV773PNB3RI4W5LP3O7ZVUI.jpg","jetpack_shortlink":"https:\/\/wp.me\/p6RhLt-lyE","jetpack_sharing_enabled":true,"_links":{"self":[{"href":"https:\/\/eldiariodesanpedro.com.ar\/sitio\/wp-json\/wp\/v2\/posts\/82872","targetHints":{"allow":["GET"]}}],"collection":[{"href":"https:\/\/eldiariodesanpedro.com.ar\/sitio\/wp-json\/wp\/v2\/posts"}],"about":[{"href":"https:\/\/eldiariodesanpedro.com.ar\/sitio\/wp-json\/wp\/v2\/types\/post"}],"author":[{"embeddable":true,"href":"https:\/\/eldiariodesanpedro.com.ar\/sitio\/wp-json\/wp\/v2\/users\/4"}],"replies":[{"embeddable":true,"href":"https:\/\/eldiariodesanpedro.com.ar\/sitio\/wp-json\/wp\/v2\/comments?post=82872"}],"version-history":[{"count":1,"href":"https:\/\/eldiariodesanpedro.com.ar\/sitio\/wp-json\/wp\/v2\/posts\/82872\/revisions"}],"predecessor-version":[{"id":82873,"href":"https:\/\/eldiariodesanpedro.com.ar\/sitio\/wp-json\/wp\/v2\/posts\/82872\/revisions\/82873"}],"wp:featuredmedia":[{"embeddable":true,"href":"https:\/\/eldiariodesanpedro.com.ar\/sitio\/wp-json\/wp\/v2\/media\/79200"}],"wp:attachment":[{"href":"https:\/\/eldiariodesanpedro.com.ar\/sitio\/wp-json\/wp\/v2\/media?parent=82872"}],"wp:term":[{"taxonomy":"category","embeddable":true,"href":"https:\/\/eldiariodesanpedro.com.ar\/sitio\/wp-json\/wp\/v2\/categories?post=82872"},{"taxonomy":"post_tag","embeddable":true,"href":"https:\/\/eldiariodesanpedro.com.ar\/sitio\/wp-json\/wp\/v2\/tags?post=82872"}],"curies":[{"name":"wp","href":"https:\/\/api.w.org\/{rel}","templated":true}]}}