{"id":82867,"date":"2020-10-28T18:01:37","date_gmt":"2020-10-28T21:01:37","guid":{"rendered":"https:\/\/eldiariodesanpedro.com.ar\/sitio\/?p=82867"},"modified":"2020-10-28T18:01:38","modified_gmt":"2020-10-28T21:01:38","slug":"concejales-presentaron-un-proyecto-para-un-modulo-de-perspectiva-de-genero-en-el-curso-de-educacion-vial","status":"publish","type":"post","link":"https:\/\/eldiariodesanpedro.com.ar\/sitio\/concejales-presentaron-un-proyecto-para-un-modulo-de-perspectiva-de-genero-en-el-curso-de-educacion-vial\/","title":{"rendered":"Concejales presentaron un proyecto para un m\u00f3dulo de perspectiva de g\u00e9nero en el Curso de Educaci\u00f3n Vial"},"content":{"rendered":"<!-- VideographyWP Plugin Message: Automatic video embedding prevented by plugin options. -->\n\n<p>Los concejales del Frente de Todos presentaron este mi\u00e9rcoles un nuevo proyecto de ordenanzas para agregar un m\u00f3dulo de perspectiva de g\u00e9nero en el Curso de Educaci\u00f3n Vial dictado a la hora de obtener la licencia de conducir. <\/p>\n\n\n\n<p>El mismo se implementar\u00e1 de manera articulada con la Secretar\u00eda de Desarrollo Humano quien estar\u00e1 a cargo de la capacitaci\u00f3n de los empleados de la Direcci\u00f3n de Tr\u00e1nsito.<\/p>\n\n\n\n<figure class=\"wp-block-image size-large\"><img decoding=\"async\" width=\"768\" height=\"1024\" data-attachment-id=\"82868\" data-permalink=\"https:\/\/eldiariodesanpedro.com.ar\/sitio\/concejales-presentaron-un-proyecto-para-un-modulo-de-perspectiva-de-genero-en-el-curso-de-educacion-vial\/122769146_675568419749036_6533610020227087571_o\/\" data-orig-file=\"https:\/\/eldiariodesanpedro.com.ar\/sitio\/wp-content\/uploads\/2020\/10\/122769146_675568419749036_6533610020227087571_o.jpg\" data-orig-size=\"960,1280\" data-comments-opened=\"1\" data-image-meta=\"{&quot;aperture&quot;:&quot;0&quot;,&quot;credit&quot;:&quot;&quot;,&quot;camera&quot;:&quot;&quot;,&quot;caption&quot;:&quot;&quot;,&quot;created_timestamp&quot;:&quot;0&quot;,&quot;copyright&quot;:&quot;&quot;,&quot;focal_length&quot;:&quot;0&quot;,&quot;iso&quot;:&quot;0&quot;,&quot;shutter_speed&quot;:&quot;0&quot;,&quot;title&quot;:&quot;&quot;,&quot;orientation&quot;:&quot;0&quot;}\" data-image-title=\"122769146_675568419749036_6533610020227087571_o\" data-image-description=\"\" data-image-caption=\"\" data-large-file=\"https:\/\/eldiariodesanpedro.com.ar\/sitio\/wp-content\/uploads\/2020\/10\/122769146_675568419749036_6533610020227087571_o-768x1024.jpg\" data-src=\"https:\/\/eldiariodesanpedro.com.ar\/sitio\/wp-content\/uploads\/2020\/10\/122769146_675568419749036_6533610020227087571_o-768x1024.jpg\" alt=\"\" class=\"wp-image-82868 lazyload\" data-srcset=\"https:\/\/eldiariodesanpedro.com.ar\/sitio\/wp-content\/uploads\/2020\/10\/122769146_675568419749036_6533610020227087571_o-768x1024.jpg 768w, https:\/\/eldiariodesanpedro.com.ar\/sitio\/wp-content\/uploads\/2020\/10\/122769146_675568419749036_6533610020227087571_o-225x300.jpg 225w, https:\/\/eldiariodesanpedro.com.ar\/sitio\/wp-content\/uploads\/2020\/10\/122769146_675568419749036_6533610020227087571_o.jpg 960w\" data-sizes=\"(max-width: 768px) 100vw, 768px\" src=\"data:image\/svg+xml;base64,PHN2ZyB3aWR0aD0iMSIgaGVpZ2h0PSIxIiB4bWxucz0iaHR0cDovL3d3dy53My5vcmcvMjAwMC9zdmciPjwvc3ZnPg==\" style=\"--smush-placeholder-width: 768px; --smush-placeholder-aspect-ratio: 768\/1024;\" \/><\/figure>\n\n\n\n<figure class=\"wp-block-image size-large\"><img decoding=\"async\" width=\"768\" height=\"1024\" data-attachment-id=\"82869\" data-permalink=\"https:\/\/eldiariodesanpedro.com.ar\/sitio\/concejales-presentaron-un-proyecto-para-un-modulo-de-perspectiva-de-genero-en-el-curso-de-educacion-vial\/122531223_675568446415700_5763233324328294877_o\/\" data-orig-file=\"https:\/\/eldiariodesanpedro.com.ar\/sitio\/wp-content\/uploads\/2020\/10\/122531223_675568446415700_5763233324328294877_o.jpg\" data-orig-size=\"960,1280\" data-comments-opened=\"1\" data-image-meta=\"{&quot;aperture&quot;:&quot;0&quot;,&quot;credit&quot;:&quot;&quot;,&quot;camera&quot;:&quot;&quot;,&quot;caption&quot;:&quot;&quot;,&quot;created_timestamp&quot;:&quot;0&quot;,&quot;copyright&quot;:&quot;&quot;,&quot;focal_length&quot;:&quot;0&quot;,&quot;iso&quot;:&quot;0&quot;,&quot;shutter_speed&quot;:&quot;0&quot;,&quot;title&quot;:&quot;&quot;,&quot;orientation&quot;:&quot;0&quot;}\" data-image-title=\"122531223_675568446415700_5763233324328294877_o\" data-image-description=\"\" data-image-caption=\"\" data-large-file=\"https:\/\/eldiariodesanpedro.com.ar\/sitio\/wp-content\/uploads\/2020\/10\/122531223_675568446415700_5763233324328294877_o-768x1024.jpg\" data-src=\"https:\/\/eldiariodesanpedro.com.ar\/sitio\/wp-content\/uploads\/2020\/10\/122531223_675568446415700_5763233324328294877_o-768x1024.jpg\" alt=\"\" class=\"wp-image-82869 lazyload\" data-srcset=\"https:\/\/eldiariodesanpedro.com.ar\/sitio\/wp-content\/uploads\/2020\/10\/122531223_675568446415700_5763233324328294877_o-768x1024.jpg 768w, https:\/\/eldiariodesanpedro.com.ar\/sitio\/wp-content\/uploads\/2020\/10\/122531223_675568446415700_5763233324328294877_o-225x300.jpg 225w, https:\/\/eldiariodesanpedro.com.ar\/sitio\/wp-content\/uploads\/2020\/10\/122531223_675568446415700_5763233324328294877_o.jpg 960w\" data-sizes=\"(max-width: 768px) 100vw, 768px\" src=\"data:image\/svg+xml;base64,PHN2ZyB3aWR0aD0iMSIgaGVpZ2h0PSIxIiB4bWxucz0iaHR0cDovL3d3dy53My5vcmcvMjAwMC9zdmciPjwvc3ZnPg==\" style=\"--smush-placeholder-width: 768px; --smush-placeholder-aspect-ratio: 768\/1024;\" \/><\/figure>\n","protected":false},"excerpt":{"rendered":"<p>Los concejales del Frente de Todos presentaron este mi\u00e9rcoles un nuevo proyecto de ordenanzas para agregar un m\u00f3dulo de perspectiva de g\u00e9nero en el Curso de Educaci\u00f3n Vial dictado a la hora de obtener la licencia de conducir. El mismo se implementar\u00e1 de manera articulada con la Secretar\u00eda de Desarrollo Humano quien estar\u00e1 a cargo [&hellip;]<\/p>\n","protected":false},"author":4,"featured_media":82870,"comment_status":"open","ping_status":"closed","sticky":false,"template":"","format":"standard","meta":{"om_disable_all_campaigns":false,"_jetpack_memberships_contains_paid_content":false,"footnotes":""},"categories":[101,2],"tags":[197,696,33],"class_list":["post-82867","post","type-post","status-publish","format-standard","has-post-thumbnail","hentry","category-interes-general-locales","category-locales","tag-buenos-aires","tag-interes-general","tag-locales"],"aioseo_notices":[],"gutentor_comment":0,"jetpack_featured_media_url":"https:\/\/eldiariodesanpedro.com.ar\/sitio\/wp-content\/uploads\/2020\/10\/Sin-titulo-1-18.jpg","jetpack_shortlink":"https:\/\/wp.me\/p6RhLt-lyz","jetpack_sharing_enabled":true,"_links":{"self":[{"href":"https:\/\/eldiariodesanpedro.com.ar\/sitio\/wp-json\/wp\/v2\/posts\/82867","targetHints":{"allow":["GET"]}}],"collection":[{"href":"https:\/\/eldiariodesanpedro.com.ar\/sitio\/wp-json\/wp\/v2\/posts"}],"about":[{"href":"https:\/\/eldiariodesanpedro.com.ar\/sitio\/wp-json\/wp\/v2\/types\/post"}],"author":[{"embeddable":true,"href":"https:\/\/eldiariodesanpedro.com.ar\/sitio\/wp-json\/wp\/v2\/users\/4"}],"replies":[{"embeddable":true,"href":"https:\/\/eldiariodesanpedro.com.ar\/sitio\/wp-json\/wp\/v2\/comments?post=82867"}],"version-history":[{"count":1,"href":"https:\/\/eldiariodesanpedro.com.ar\/sitio\/wp-json\/wp\/v2\/posts\/82867\/revisions"}],"predecessor-version":[{"id":82871,"href":"https:\/\/eldiariodesanpedro.com.ar\/sitio\/wp-json\/wp\/v2\/posts\/82867\/revisions\/82871"}],"wp:featuredmedia":[{"embeddable":true,"href":"https:\/\/eldiariodesanpedro.com.ar\/sitio\/wp-json\/wp\/v2\/media\/82870"}],"wp:attachment":[{"href":"https:\/\/eldiariodesanpedro.com.ar\/sitio\/wp-json\/wp\/v2\/media?parent=82867"}],"wp:term":[{"taxonomy":"category","embeddable":true,"href":"https:\/\/eldiariodesanpedro.com.ar\/sitio\/wp-json\/wp\/v2\/categories?post=82867"},{"taxonomy":"post_tag","embeddable":true,"href":"https:\/\/eldiariodesanpedro.com.ar\/sitio\/wp-json\/wp\/v2\/tags?post=82867"}],"curies":[{"name":"wp","href":"https:\/\/api.w.org\/{rel}","templated":true}]}}