{"id":82860,"date":"2020-10-28T17:41:20","date_gmt":"2020-10-28T20:41:20","guid":{"rendered":"https:\/\/eldiariodesanpedro.com.ar\/sitio\/?p=82860"},"modified":"2020-10-28T17:42:10","modified_gmt":"2020-10-28T20:42:10","slug":"reunion-para-analizar-la-reapertura-de-los-clubes","status":"publish","type":"post","link":"https:\/\/eldiariodesanpedro.com.ar\/sitio\/reunion-para-analizar-la-reapertura-de-los-clubes\/","title":{"rendered":"Reuni\u00f3n para analizar la reapertura de los clubes"},"content":{"rendered":"<!-- VideographyWP Plugin Message: Automatic video embedding prevented by plugin options. -->\n\n<p><strong><em>Se concret\u00f3 esta ma\u00f1ana una reuni\u00f3n pactada con representantes de clubes de San Pedro para analizar la situaci\u00f3n general y los pasos que deber\u00e1n darse para el retorno paulatino de las actividades.<\/em><\/strong><\/p>\n\n\n\n<p>Los dirigentes fueron recibidos por el Secretario de Coordinaci\u00f3n Dr. Ram\u00f3n Salazar, el Director de Modernizaci\u00f3n Hern\u00e1n Contreras y el Director de Deportes Ramiro S\u00e1nchez Negrete.<\/p>\n\n\n\n<p>Cada uno de los presentes comparti\u00f3 un panorama similar y equivalente con todas las instituciones locales, con respecto al tema y desde el gobierno municipal se dieron detalles con relaci\u00f3n a las posibilidades de recibir formalmente las solicitudes y analizarlas o elevarlas al gobierno provincial, seg\u00fan corresponda, mas all\u00e1 de que la recategorizaci\u00f3n de fases se dar\u00e1 el 7 de noviembre.<\/p>\n\n\n\n<p>Se evaluaron los puntos centrales que deber\u00edan incluir los protocolos de funcionamiento, tanto para cada deporte como para la apertura social y los clubes elaborar\u00e1n una solicitud formal conjunta que ser\u00e1 presentada en las pr\u00f3ximas horas para que desde el gobierno se realice el an\u00e1lisis pertinente.<\/p>\n\n\n\n<p>Tanto las autoridades como los dirigentes, rescataron la necesidad de ir recuperando sus actividades pero coincidieron plenamente en la importancia de mantener todos los requerimientos sanitarios que permitan cuidar a sus socios, deportistas y personal.<\/p>\n\n\n\n<figure class=\"wp-block-embed-facebook wp-block-embed is-type-rich is-provider-gestor-del-servicio\"><div class=\"wp-block-embed__wrapper\">\n<div class=\"fb-video\" data-allowfullscreen=\"true\" data-href=\"https:\/\/www.facebook.com\/eldiario.desanpedro\/videos\/383155586144792\" style=\"background-color: #fff; display: inline-block;\"><\/div>\n<\/div><\/figure>\n","protected":false},"excerpt":{"rendered":"<p>Se concret\u00f3 esta ma\u00f1ana una reuni\u00f3n pactada con representantes de clubes de San Pedro para analizar la situaci\u00f3n general y los pasos que deber\u00e1n darse para el retorno paulatino de las actividades. Los dirigentes fueron recibidos por el Secretario de Coordinaci\u00f3n Dr. Ram\u00f3n Salazar, el Director de Modernizaci\u00f3n Hern\u00e1n Contreras y el Director de Deportes [&hellip;]<\/p>\n","protected":false},"author":4,"featured_media":82862,"comment_status":"open","ping_status":"closed","sticky":false,"template":"","format":"standard","meta":{"om_disable_all_campaigns":false,"_jetpack_memberships_contains_paid_content":false,"footnotes":""},"categories":[50,101,2],"tags":[197,696,33],"class_list":["post-82860","post","type-post","status-publish","format-standard","has-post-thumbnail","hentry","category-destacadas","category-interes-general-locales","category-locales","tag-buenos-aires","tag-interes-general","tag-locales"],"aioseo_notices":[],"gutentor_comment":0,"jetpack_featured_media_url":"https:\/\/eldiariodesanpedro.com.ar\/sitio\/wp-content\/uploads\/2020\/10\/WhatsApp-Image-2020-10-28-at-17.17.58-1.jpeg","jetpack_shortlink":"https:\/\/wp.me\/p6RhLt-lys","jetpack_sharing_enabled":true,"_links":{"self":[{"href":"https:\/\/eldiariodesanpedro.com.ar\/sitio\/wp-json\/wp\/v2\/posts\/82860","targetHints":{"allow":["GET"]}}],"collection":[{"href":"https:\/\/eldiariodesanpedro.com.ar\/sitio\/wp-json\/wp\/v2\/posts"}],"about":[{"href":"https:\/\/eldiariodesanpedro.com.ar\/sitio\/wp-json\/wp\/v2\/types\/post"}],"author":[{"embeddable":true,"href":"https:\/\/eldiariodesanpedro.com.ar\/sitio\/wp-json\/wp\/v2\/users\/4"}],"replies":[{"embeddable":true,"href":"https:\/\/eldiariodesanpedro.com.ar\/sitio\/wp-json\/wp\/v2\/comments?post=82860"}],"version-history":[{"count":2,"href":"https:\/\/eldiariodesanpedro.com.ar\/sitio\/wp-json\/wp\/v2\/posts\/82860\/revisions"}],"predecessor-version":[{"id":82866,"href":"https:\/\/eldiariodesanpedro.com.ar\/sitio\/wp-json\/wp\/v2\/posts\/82860\/revisions\/82866"}],"wp:featuredmedia":[{"embeddable":true,"href":"https:\/\/eldiariodesanpedro.com.ar\/sitio\/wp-json\/wp\/v2\/media\/82862"}],"wp:attachment":[{"href":"https:\/\/eldiariodesanpedro.com.ar\/sitio\/wp-json\/wp\/v2\/media?parent=82860"}],"wp:term":[{"taxonomy":"category","embeddable":true,"href":"https:\/\/eldiariodesanpedro.com.ar\/sitio\/wp-json\/wp\/v2\/categories?post=82860"},{"taxonomy":"post_tag","embeddable":true,"href":"https:\/\/eldiariodesanpedro.com.ar\/sitio\/wp-json\/wp\/v2\/tags?post=82860"}],"curies":[{"name":"wp","href":"https:\/\/api.w.org\/{rel}","templated":true}]}}