{"id":82858,"date":"2020-10-28T17:34:17","date_gmt":"2020-10-28T20:34:17","guid":{"rendered":"https:\/\/eldiariodesanpedro.com.ar\/sitio\/?p=82858"},"modified":"2020-10-28T17:34:21","modified_gmt":"2020-10-28T20:34:21","slug":"edicto-de-sucesion-de-zaldano-juan-bautista-y-vergara-maria-carolina","status":"publish","type":"post","link":"https:\/\/eldiariodesanpedro.com.ar\/sitio\/edicto-de-sucesion-de-zaldano-juan-bautista-y-vergara-maria-carolina\/","title":{"rendered":"Edicto de sucesi\u00f3n de Zalda\u00f1o Juan Bautista y Vergara Maria Carolina"},"content":{"rendered":"<!-- VideographyWP Plugin Message: Automatic video embedding prevented by plugin options. -->\n\n<p>El Juzgado de Paz Letrado de San Pedro , Secretar\u00eda \u00danica del departamento Judicial de San Nicol\u00e1s San Pedro , cita y emplaza por treinta ( 30 )\u00a0 d\u00edas\u00a0 a herederos , acreedores\u00a0 y todos los que se consideren con derecho\u00a0 a los bienes dejados por el causante\u00a0<strong> Zalda\u00f1o Juan Bautista y Vergara Maria Carolina<\/strong>.- San Pedro, 26 de Octubre\u00a0 de 2020.-<\/p>\n\n\n\n<p>DR. FACUNDO VELLON<br>ABOGADO SECRETARIO<\/p>\n","protected":false},"excerpt":{"rendered":"<p>El Juzgado de Paz Letrado de San Pedro , Secretar\u00eda \u00danica del departamento Judicial de San Nicol\u00e1s San Pedro , cita y emplaza por treinta ( 30 )\u00a0 d\u00edas\u00a0 a herederos , acreedores\u00a0 y todos los que se consideren con derecho\u00a0 a los bienes dejados por el causante\u00a0 Zalda\u00f1o Juan Bautista y Vergara Maria Carolina.- [&hellip;]<\/p>\n","protected":false},"author":4,"featured_media":81115,"comment_status":"open","ping_status":"closed","sticky":false,"template":"","format":"standard","meta":{"om_disable_all_campaigns":false,"_jetpack_memberships_contains_paid_content":false,"footnotes":""},"categories":[676,677],"tags":[1121,1355,1122,1851],"class_list":["post-82858","post","type-post","status-publish","format-standard","has-post-thumbnail","hentry","category-edictos","category-edictos-sucesorios","tag-edicto","tag-judiciales","tag-sucesion","tag-zaldano-juan-bautista-y-vergara-maria-carolina"],"aioseo_notices":[],"gutentor_comment":0,"jetpack_featured_media_url":"https:\/\/eldiariodesanpedro.com.ar\/sitio\/wp-content\/uploads\/2020\/09\/Poder-Judicial.jpg","jetpack_shortlink":"https:\/\/wp.me\/p6RhLt-lyq","jetpack_sharing_enabled":true,"_links":{"self":[{"href":"https:\/\/eldiariodesanpedro.com.ar\/sitio\/wp-json\/wp\/v2\/posts\/82858","targetHints":{"allow":["GET"]}}],"collection":[{"href":"https:\/\/eldiariodesanpedro.com.ar\/sitio\/wp-json\/wp\/v2\/posts"}],"about":[{"href":"https:\/\/eldiariodesanpedro.com.ar\/sitio\/wp-json\/wp\/v2\/types\/post"}],"author":[{"embeddable":true,"href":"https:\/\/eldiariodesanpedro.com.ar\/sitio\/wp-json\/wp\/v2\/users\/4"}],"replies":[{"embeddable":true,"href":"https:\/\/eldiariodesanpedro.com.ar\/sitio\/wp-json\/wp\/v2\/comments?post=82858"}],"version-history":[{"count":1,"href":"https:\/\/eldiariodesanpedro.com.ar\/sitio\/wp-json\/wp\/v2\/posts\/82858\/revisions"}],"predecessor-version":[{"id":82859,"href":"https:\/\/eldiariodesanpedro.com.ar\/sitio\/wp-json\/wp\/v2\/posts\/82858\/revisions\/82859"}],"wp:featuredmedia":[{"embeddable":true,"href":"https:\/\/eldiariodesanpedro.com.ar\/sitio\/wp-json\/wp\/v2\/media\/81115"}],"wp:attachment":[{"href":"https:\/\/eldiariodesanpedro.com.ar\/sitio\/wp-json\/wp\/v2\/media?parent=82858"}],"wp:term":[{"taxonomy":"category","embeddable":true,"href":"https:\/\/eldiariodesanpedro.com.ar\/sitio\/wp-json\/wp\/v2\/categories?post=82858"},{"taxonomy":"post_tag","embeddable":true,"href":"https:\/\/eldiariodesanpedro.com.ar\/sitio\/wp-json\/wp\/v2\/tags?post=82858"}],"curies":[{"name":"wp","href":"https:\/\/api.w.org\/{rel}","templated":true}]}}