{"id":82844,"date":"2020-10-28T11:21:59","date_gmt":"2020-10-28T14:21:59","guid":{"rendered":"https:\/\/eldiariodesanpedro.com.ar\/sitio\/?p=82844"},"modified":"2020-10-28T11:26:22","modified_gmt":"2020-10-28T14:26:22","slug":"se-secuestro-un-arma-de-aire-comprimido-en-allanamiento","status":"publish","type":"post","link":"https:\/\/eldiariodesanpedro.com.ar\/sitio\/se-secuestro-un-arma-de-aire-comprimido-en-allanamiento\/","title":{"rendered":"Se secuestr\u00f3 un arma de aire comprimido en allanamiento"},"content":{"rendered":"<!-- VideographyWP Plugin Message: Automatic video embedding prevented by plugin options. -->\n\n<p><em><strong>Este martes la polic\u00eda perteneciente al destacamento de Santa Lucia realizo un allanamiento por una denuncia realizada d\u00edas atr\u00e1s por un hecho de amenazas agravada por arma de fuego.<\/strong><\/em><\/p>\n\n\n\n<p>Ayer en horas de la tarde un grupo de polic\u00edas realizaron un allanamiento en una vivienda ubicada en calle Dr. Obaid al 700 de la vecina localidad de Santa Lucia donde se logr\u00f3 el secuestro de un rifle aire comprimido utilizado en el hecho denunciado por amenazas.<\/p>\n\n\n\n<p>En la vivienda se encontraba un joven de 20 a\u00f1os de edad que fue aprehendido trasladado al destacamento donde se lo imputa por el hecho y tras recaudos legales su posteriori libertad.<\/p>\n","protected":false},"excerpt":{"rendered":"<p>Este martes la polic\u00eda perteneciente al destacamento de Santa Lucia realizo un allanamiento por una denuncia realizada d\u00edas atr\u00e1s por un hecho de amenazas agravada por arma de fuego. Ayer en horas de la tarde un grupo de polic\u00edas realizaron un allanamiento en una vivienda ubicada en calle Dr. Obaid al 700 de la vecina [&hellip;]<\/p>\n","protected":false},"author":4,"featured_media":82845,"comment_status":"open","ping_status":"closed","sticky":false,"template":"","format":"standard","meta":{"om_disable_all_campaigns":false,"_jetpack_memberships_contains_paid_content":false,"footnotes":""},"categories":[50,2,103],"tags":[197,33,95],"class_list":["post-82844","post","type-post","status-publish","format-standard","has-post-thumbnail","hentry","category-destacadas","category-locales","category-policiales-locales","tag-buenos-aires","tag-locales","tag-policiales"],"aioseo_notices":[],"gutentor_comment":0,"jetpack_featured_media_url":"https:\/\/eldiariodesanpedro.com.ar\/sitio\/wp-content\/uploads\/2020\/10\/WhatsApp-Image-2020-10-28-at-10.51.06.jpeg","jetpack_shortlink":"https:\/\/wp.me\/p6RhLt-lyc","jetpack_sharing_enabled":true,"_links":{"self":[{"href":"https:\/\/eldiariodesanpedro.com.ar\/sitio\/wp-json\/wp\/v2\/posts\/82844","targetHints":{"allow":["GET"]}}],"collection":[{"href":"https:\/\/eldiariodesanpedro.com.ar\/sitio\/wp-json\/wp\/v2\/posts"}],"about":[{"href":"https:\/\/eldiariodesanpedro.com.ar\/sitio\/wp-json\/wp\/v2\/types\/post"}],"author":[{"embeddable":true,"href":"https:\/\/eldiariodesanpedro.com.ar\/sitio\/wp-json\/wp\/v2\/users\/4"}],"replies":[{"embeddable":true,"href":"https:\/\/eldiariodesanpedro.com.ar\/sitio\/wp-json\/wp\/v2\/comments?post=82844"}],"version-history":[{"count":2,"href":"https:\/\/eldiariodesanpedro.com.ar\/sitio\/wp-json\/wp\/v2\/posts\/82844\/revisions"}],"predecessor-version":[{"id":82847,"href":"https:\/\/eldiariodesanpedro.com.ar\/sitio\/wp-json\/wp\/v2\/posts\/82844\/revisions\/82847"}],"wp:featuredmedia":[{"embeddable":true,"href":"https:\/\/eldiariodesanpedro.com.ar\/sitio\/wp-json\/wp\/v2\/media\/82845"}],"wp:attachment":[{"href":"https:\/\/eldiariodesanpedro.com.ar\/sitio\/wp-json\/wp\/v2\/media?parent=82844"}],"wp:term":[{"taxonomy":"category","embeddable":true,"href":"https:\/\/eldiariodesanpedro.com.ar\/sitio\/wp-json\/wp\/v2\/categories?post=82844"},{"taxonomy":"post_tag","embeddable":true,"href":"https:\/\/eldiariodesanpedro.com.ar\/sitio\/wp-json\/wp\/v2\/tags?post=82844"}],"curies":[{"name":"wp","href":"https:\/\/api.w.org\/{rel}","templated":true}]}}