{"id":82841,"date":"2020-10-28T11:13:18","date_gmt":"2020-10-28T14:13:18","guid":{"rendered":"https:\/\/eldiariodesanpedro.com.ar\/sitio\/?p=82841"},"modified":"2020-10-28T11:13:22","modified_gmt":"2020-10-28T14:13:22","slug":"una-joven-de-18-anos-aprehendida-por-tenencia-de-estupefacientes","status":"publish","type":"post","link":"https:\/\/eldiariodesanpedro.com.ar\/sitio\/una-joven-de-18-anos-aprehendida-por-tenencia-de-estupefacientes\/","title":{"rendered":"Una Joven de 18 a\u00f1os aprehendida por tenencia de estupefacientes"},"content":{"rendered":"<!-- VideographyWP Plugin Message: Automatic video embedding prevented by plugin options. -->\n\n<p>&nbsp;En la jornada de ayer un m\u00f3vil policial se hace presente en la zona costera donde identifico a una joven mujer que llevaba consigo estupefacientes.<\/p>\n\n\n\n<p>Este martes la polic\u00eda de nuestra ciudad se detiene para identificar a una joven de 18 a\u00f1os de edad en calle Boulevard Paran\u00e1 S\/N quien al momento del correspondiente cache se le secuestro entre sus prendas dos cigarrillos de marihuana de \u00ednfimo pesaje.<\/p>\n\n\n\n<p>La joven traslada a la comisar\u00eda local y luego su posterior libertad.<\/p>\n","protected":false},"excerpt":{"rendered":"<p>&nbsp;En la jornada de ayer un m\u00f3vil policial se hace presente en la zona costera donde identifico a una joven mujer que llevaba consigo estupefacientes. Este martes la polic\u00eda de nuestra ciudad se detiene para identificar a una joven de 18 a\u00f1os de edad en calle Boulevard Paran\u00e1 S\/N quien al momento del correspondiente cache [&hellip;]<\/p>\n","protected":false},"author":4,"featured_media":82842,"comment_status":"open","ping_status":"closed","sticky":false,"template":"","format":"standard","meta":{"om_disable_all_campaigns":false,"_jetpack_memberships_contains_paid_content":false,"footnotes":""},"categories":[2,103],"tags":[197,33,95,19],"class_list":["post-82841","post","type-post","status-publish","format-standard","has-post-thumbnail","hentry","category-locales","category-policiales-locales","tag-buenos-aires","tag-locales","tag-policiales","tag-san-pedro"],"aioseo_notices":[],"gutentor_comment":0,"jetpack_featured_media_url":"https:\/\/eldiariodesanpedro.com.ar\/sitio\/wp-content\/uploads\/2020\/10\/1-1.jpg","jetpack_shortlink":"https:\/\/wp.me\/p6RhLt-ly9","jetpack_sharing_enabled":true,"_links":{"self":[{"href":"https:\/\/eldiariodesanpedro.com.ar\/sitio\/wp-json\/wp\/v2\/posts\/82841","targetHints":{"allow":["GET"]}}],"collection":[{"href":"https:\/\/eldiariodesanpedro.com.ar\/sitio\/wp-json\/wp\/v2\/posts"}],"about":[{"href":"https:\/\/eldiariodesanpedro.com.ar\/sitio\/wp-json\/wp\/v2\/types\/post"}],"author":[{"embeddable":true,"href":"https:\/\/eldiariodesanpedro.com.ar\/sitio\/wp-json\/wp\/v2\/users\/4"}],"replies":[{"embeddable":true,"href":"https:\/\/eldiariodesanpedro.com.ar\/sitio\/wp-json\/wp\/v2\/comments?post=82841"}],"version-history":[{"count":1,"href":"https:\/\/eldiariodesanpedro.com.ar\/sitio\/wp-json\/wp\/v2\/posts\/82841\/revisions"}],"predecessor-version":[{"id":82843,"href":"https:\/\/eldiariodesanpedro.com.ar\/sitio\/wp-json\/wp\/v2\/posts\/82841\/revisions\/82843"}],"wp:featuredmedia":[{"embeddable":true,"href":"https:\/\/eldiariodesanpedro.com.ar\/sitio\/wp-json\/wp\/v2\/media\/82842"}],"wp:attachment":[{"href":"https:\/\/eldiariodesanpedro.com.ar\/sitio\/wp-json\/wp\/v2\/media?parent=82841"}],"wp:term":[{"taxonomy":"category","embeddable":true,"href":"https:\/\/eldiariodesanpedro.com.ar\/sitio\/wp-json\/wp\/v2\/categories?post=82841"},{"taxonomy":"post_tag","embeddable":true,"href":"https:\/\/eldiariodesanpedro.com.ar\/sitio\/wp-json\/wp\/v2\/tags?post=82841"}],"curies":[{"name":"wp","href":"https:\/\/api.w.org\/{rel}","templated":true}]}}