{"id":82838,"date":"2020-10-28T11:07:28","date_gmt":"2020-10-28T14:07:28","guid":{"rendered":"https:\/\/eldiariodesanpedro.com.ar\/sitio\/?p=82838"},"modified":"2020-10-28T11:07:32","modified_gmt":"2020-10-28T14:07:32","slug":"joven-aprehendido-en-via-publica-por-tenencia-de-estupefacientes","status":"publish","type":"post","link":"https:\/\/eldiariodesanpedro.com.ar\/sitio\/joven-aprehendido-en-via-publica-por-tenencia-de-estupefacientes\/","title":{"rendered":"joven aprehendido en v\u00eda publica por tenencia de estupefacientes"},"content":{"rendered":"<!-- VideographyWP Plugin Message: Automatic video embedding prevented by plugin options. -->\n\n<p><em><strong>En la jornada de este martes la polic\u00eda de nuestra ciudad realizo una aprensi\u00f3n a un joven que se encontraba en la v\u00eda publica violentando la ley 23737 que proh\u00edbe la tenencia de estupefacientes<\/strong><\/em>.<\/p>\n\n\n\n<p>Un m\u00f3vil policial se hace presente en calle Boulevard Moreno y Las Provincias donde se detiene para identificar a un joven de 26 a\u00f1os de edad a quien mientras se le realizaba el cacheo de rutina se le pudo secuestrar sustancia ilegal marihuana en un \u00ednfimo pesaje.<\/p>\n\n\n\n<p>El joven fue trasladado a la comisar\u00eda local donde es informado sobre los recaudos legales y su posterior libertad.<\/p>\n","protected":false},"excerpt":{"rendered":"<p>En la jornada de este martes la polic\u00eda de nuestra ciudad realizo una aprensi\u00f3n a un joven que se encontraba en la v\u00eda publica violentando la ley 23737 que proh\u00edbe la tenencia de estupefacientes. Un m\u00f3vil policial se hace presente en calle Boulevard Moreno y Las Provincias donde se detiene para identificar a un joven [&hellip;]<\/p>\n","protected":false},"author":4,"featured_media":82839,"comment_status":"open","ping_status":"closed","sticky":false,"template":"","format":"standard","meta":{"om_disable_all_campaigns":false,"_jetpack_memberships_contains_paid_content":false,"footnotes":""},"categories":[2,103],"tags":[197,33,95,1040],"class_list":["post-82838","post","type-post","status-publish","format-standard","has-post-thumbnail","hentry","category-locales","category-policiales-locales","tag-buenos-aires","tag-locales","tag-policiales","tag-san-pedro-buenos-aires"],"aioseo_notices":[],"gutentor_comment":0,"jetpack_featured_media_url":"https:\/\/eldiariodesanpedro.com.ar\/sitio\/wp-content\/uploads\/2020\/10\/1.jpg","jetpack_shortlink":"https:\/\/wp.me\/p6RhLt-ly6","jetpack_sharing_enabled":true,"_links":{"self":[{"href":"https:\/\/eldiariodesanpedro.com.ar\/sitio\/wp-json\/wp\/v2\/posts\/82838","targetHints":{"allow":["GET"]}}],"collection":[{"href":"https:\/\/eldiariodesanpedro.com.ar\/sitio\/wp-json\/wp\/v2\/posts"}],"about":[{"href":"https:\/\/eldiariodesanpedro.com.ar\/sitio\/wp-json\/wp\/v2\/types\/post"}],"author":[{"embeddable":true,"href":"https:\/\/eldiariodesanpedro.com.ar\/sitio\/wp-json\/wp\/v2\/users\/4"}],"replies":[{"embeddable":true,"href":"https:\/\/eldiariodesanpedro.com.ar\/sitio\/wp-json\/wp\/v2\/comments?post=82838"}],"version-history":[{"count":1,"href":"https:\/\/eldiariodesanpedro.com.ar\/sitio\/wp-json\/wp\/v2\/posts\/82838\/revisions"}],"predecessor-version":[{"id":82840,"href":"https:\/\/eldiariodesanpedro.com.ar\/sitio\/wp-json\/wp\/v2\/posts\/82838\/revisions\/82840"}],"wp:featuredmedia":[{"embeddable":true,"href":"https:\/\/eldiariodesanpedro.com.ar\/sitio\/wp-json\/wp\/v2\/media\/82839"}],"wp:attachment":[{"href":"https:\/\/eldiariodesanpedro.com.ar\/sitio\/wp-json\/wp\/v2\/media?parent=82838"}],"wp:term":[{"taxonomy":"category","embeddable":true,"href":"https:\/\/eldiariodesanpedro.com.ar\/sitio\/wp-json\/wp\/v2\/categories?post=82838"},{"taxonomy":"post_tag","embeddable":true,"href":"https:\/\/eldiariodesanpedro.com.ar\/sitio\/wp-json\/wp\/v2\/tags?post=82838"}],"curies":[{"name":"wp","href":"https:\/\/api.w.org\/{rel}","templated":true}]}}