{"id":82835,"date":"2020-10-28T10:16:00","date_gmt":"2020-10-28T13:16:00","guid":{"rendered":"https:\/\/eldiariodesanpedro.com.ar\/sitio\/?p=82835"},"modified":"2020-10-28T10:16:04","modified_gmt":"2020-10-28T13:16:04","slug":"reunion-con-los-guias-de-pesca-de-san-pedro","status":"publish","type":"post","link":"https:\/\/eldiariodesanpedro.com.ar\/sitio\/reunion-con-los-guias-de-pesca-de-san-pedro\/","title":{"rendered":"Reuni\u00f3n con los Gu\u00edas de Pesca de San Pedro"},"content":{"rendered":"<!-- VideographyWP Plugin Message: Automatic video embedding prevented by plugin options. -->\n\n<p>A partir del 1\u00b0 de noviembre pueden ingresar las personas que tengan propiedad en San Pedro,&nbsp; que no residen aqui permanentemente y a partir del 1\u00b0 de diciembre se permitir\u00e1 el ingreso a turistas que cumplan con los requisitos solicitados: descargar y completar&nbsp; App \u00abCuidar Verano\u00bb donde deben su fecha de permanencia en la ciudad, acompa\u00f1antes y lugar de alojamiento.<\/p>\n\n\n\n<p>Para analizar todos los detalles de estos procedimientos se organiz\u00f3 una reuni\u00f3n con los gu\u00edas de pesca en la Direcci\u00f3n de Turismo de la que particip\u00f3 la titular del \u00e1rea Marcela Cu\u00f1er y representantes de la actividad.<\/p>\n\n\n\n<p>La pesca es uno de los motores del turismo en San Pedro y los consumos del pescador y sus acompa\u00f1antes en la ciudad tiene un efecto multiplicador que beneficia econ\u00f3micamente directa e indirectamente a muchas familias sampedrinas.<\/p>\n\n\n\n<p>Las reuniones con diferentes sectores relacionados con el turismo, planificando la reanudaci\u00f3n de actividades continuar\u00e1n durante los pr\u00f3ximos d\u00edas.<\/p>\n","protected":false},"excerpt":{"rendered":"<p>A partir del 1\u00b0 de noviembre pueden ingresar las personas que tengan propiedad en San Pedro,&nbsp; que no residen aqui permanentemente y a partir del 1\u00b0 de diciembre se permitir\u00e1 el ingreso a turistas que cumplan con los requisitos solicitados: descargar y completar&nbsp; App \u00abCuidar Verano\u00bb donde deben su fecha de permanencia en la ciudad, [&hellip;]<\/p>\n","protected":false},"author":4,"featured_media":82836,"comment_status":"open","ping_status":"closed","sticky":false,"template":"","format":"standard","meta":{"om_disable_all_campaigns":false,"_jetpack_memberships_contains_paid_content":false,"footnotes":""},"categories":[50,101,2],"tags":[197,696,33],"class_list":["post-82835","post","type-post","status-publish","format-standard","has-post-thumbnail","hentry","category-destacadas","category-interes-general-locales","category-locales","tag-buenos-aires","tag-interes-general","tag-locales"],"aioseo_notices":[],"gutentor_comment":0,"jetpack_featured_media_url":"https:\/\/eldiariodesanpedro.com.ar\/sitio\/wp-content\/uploads\/2020\/10\/122677623_3453293234765327_765713636454613560_n.jpg","jetpack_shortlink":"https:\/\/wp.me\/p6RhLt-ly3","jetpack_sharing_enabled":true,"_links":{"self":[{"href":"https:\/\/eldiariodesanpedro.com.ar\/sitio\/wp-json\/wp\/v2\/posts\/82835","targetHints":{"allow":["GET"]}}],"collection":[{"href":"https:\/\/eldiariodesanpedro.com.ar\/sitio\/wp-json\/wp\/v2\/posts"}],"about":[{"href":"https:\/\/eldiariodesanpedro.com.ar\/sitio\/wp-json\/wp\/v2\/types\/post"}],"author":[{"embeddable":true,"href":"https:\/\/eldiariodesanpedro.com.ar\/sitio\/wp-json\/wp\/v2\/users\/4"}],"replies":[{"embeddable":true,"href":"https:\/\/eldiariodesanpedro.com.ar\/sitio\/wp-json\/wp\/v2\/comments?post=82835"}],"version-history":[{"count":1,"href":"https:\/\/eldiariodesanpedro.com.ar\/sitio\/wp-json\/wp\/v2\/posts\/82835\/revisions"}],"predecessor-version":[{"id":82837,"href":"https:\/\/eldiariodesanpedro.com.ar\/sitio\/wp-json\/wp\/v2\/posts\/82835\/revisions\/82837"}],"wp:featuredmedia":[{"embeddable":true,"href":"https:\/\/eldiariodesanpedro.com.ar\/sitio\/wp-json\/wp\/v2\/media\/82836"}],"wp:attachment":[{"href":"https:\/\/eldiariodesanpedro.com.ar\/sitio\/wp-json\/wp\/v2\/media?parent=82835"}],"wp:term":[{"taxonomy":"category","embeddable":true,"href":"https:\/\/eldiariodesanpedro.com.ar\/sitio\/wp-json\/wp\/v2\/categories?post=82835"},{"taxonomy":"post_tag","embeddable":true,"href":"https:\/\/eldiariodesanpedro.com.ar\/sitio\/wp-json\/wp\/v2\/tags?post=82835"}],"curies":[{"name":"wp","href":"https:\/\/api.w.org\/{rel}","templated":true}]}}