{"id":82827,"date":"2020-10-28T09:23:35","date_gmt":"2020-10-28T12:23:35","guid":{"rendered":"https:\/\/eldiariodesanpedro.com.ar\/sitio\/?p=82827"},"modified":"2020-10-28T09:56:56","modified_gmt":"2020-10-28T12:56:56","slug":"el-gobierno-provincial-enviara-mas-de-14-millones-de-pesos-para-arreglar-el-hospital-y-calles","status":"publish","type":"post","link":"https:\/\/eldiariodesanpedro.com.ar\/sitio\/el-gobierno-provincial-enviara-mas-de-14-millones-de-pesos-para-arreglar-el-hospital-y-calles\/","title":{"rendered":"El gobierno provincial enviara mas de 14 millones de pesos para arreglar el hospital y calles"},"content":{"rendered":"<!-- VideographyWP Plugin Message: Automatic video embedding prevented by plugin options. -->\n\n<p><em><strong>Este martes el Gobierno Provincial oficializ\u00f3 el pago de m\u00e1s de 14 millones de pesos para San Pedro que oficializo el Gobernador Axel Kichilof los cuales ser\u00e1n destinados a la modernizaci\u00f3n de las salas de internaci\u00f3n del hospital Emilio Ruffa y para el mejoramiento del estado de las calles.<\/strong><\/em><\/p>\n\n\n\n<p>El Gobernador  este martes en di\u00e1logo con los Intendentes de varias localidades donde oficializ\u00f3 la transferencia del monto total de $14.262.000 para San Pedro de los cuales ser\u00e1n destinados $11.216.100 para las refacciones de la sala de internaciones del nosocomio local que est\u00e1 previsto a comenzar a fines de diciembre o principio de enero del 2021, y el resto del dinero $3.046.500 ser\u00e1 utilizado para el mejoramiento de m\u00e1s de 2500 m2 de calles.<\/p>\n\n\n\n<p>El gobernador de la provincia de Buenos Aires, Axel Kicillof, suscribi\u00f3 convenios para desarrollar 71 obras de infraestructura en 44 municipios, con una inversi\u00f3n total de m\u00e1s de 352 millones de pesos correspondientes al Fondo de Infraestructura Municipal. Estuvo acompa\u00f1ado por el jefe de Gabinete, Carlos Bianco; el ministro de Infraestructura y Servicios P\u00fablicos, Agust\u00edn Simone; la ministra de Gobierno, Teresa Garc\u00eda; y, en forma remota, por las y los intendentes de los distritos beneficiados.<\/p>\n\n\n\n<p>\u201cEstas obras del Fondo de Infraestructura Municipal llegan en un momento muy oportuno, ya que no solo van a mejorar la calidad de vida de los vecinos y vecinas sino que, al mismo tiempo, van a poner la econom\u00eda en marcha nuevamente\u201d, se\u00f1al\u00f3 Kicillof y agreg\u00f3: \u201cEs una de las respuestas que podemos dar en el marco de la pandemia para movilizar recursos, el empleo y la producci\u00f3n\u201d.<\/p>\n\n\n\n<p>Por su parte, Simone detall\u00f3 que \u201cse trata de obras dedicadas a la salud, al espacio p\u00fablico, de agua, cloacas, pluviales y muchas otras que los intendentes eligieron en funci\u00f3n de las necesidades de cada uno de sus distritos\u201d. Asimismo, el Ministro enfatiz\u00f3 la \u00abpredisposici\u00f3n y el trabajo que se ha logrado junto a los equipos t\u00e9cnicos de todos los municipios para arribar a la firma de estos proyectos\u201d.<\/p>\n\n\n\n<p>Tambi\u00e9n se presentaron iniciativas para refacciones en hospitales y centros de salud, obras hidr\u00e1ulicas, viales, alumbrado p\u00fablico, puesta en valor de espacios recreativos, entre otras.<\/p>\n\n\n\n<p>En el cierre de la videoconferencia el Gobernador concluy\u00f3: \u201cEs un momento en el que necesitamos sembrar esperanza y optimismo. Sigamos trabajando en conjunto como lo hemos hecho durante toda la pandemia\u201d.<br>En esta oportunidad firmaron convenios los municipios de Avellaneda, Ayacucho, Azul, Bah\u00eda Blanca, Carlos Casares, Coronel Pringles, Carmen de Areco, Coronel Rosales, Dolores, Florentino Ameghino, Gral. Alvarado, Gral. Belgrano, Gral. La Madrid, Gral. Lavalle, Gral. Paz, Leandro. N. Alem, Lezama, Luj\u00e1n, Magdalena, Moreno, Mor\u00f3n, Necochea, 9 de julio, Patagones, Pu\u00e1n, Pergamino, Pinamar, Ramallo, Rauch, San Andr\u00e9s de Giles, San Antonio de Areco, San Nicol\u00e1s, <strong>San Pedro,<\/strong> San Vicente, Suipacha, Tapalqu\u00e9, Tandil, Tornquist, Trenque Lauquen, Tres Arroyos, Vicente L\u00f3pez, 25 de mayo, Villa Gesell y Villarino.<\/p>\n\n\n\n<figure class=\"wp-block-image size-large\"><img decoding=\"async\" width=\"1024\" height=\"683\" data-attachment-id=\"82833\" data-permalink=\"https:\/\/eldiariodesanpedro.com.ar\/sitio\/el-gobierno-provincial-enviara-mas-de-14-millones-de-pesos-para-arreglar-el-hospital-y-calles\/whatsapp-image-2020-10-28-at-09-45-01\/\" data-orig-file=\"https:\/\/eldiariodesanpedro.com.ar\/sitio\/wp-content\/uploads\/2020\/10\/WhatsApp-Image-2020-10-28-at-09.45.01.jpeg\" data-orig-size=\"1080,720\" data-comments-opened=\"1\" data-image-meta=\"{&quot;aperture&quot;:&quot;0&quot;,&quot;credit&quot;:&quot;&quot;,&quot;camera&quot;:&quot;&quot;,&quot;caption&quot;:&quot;&quot;,&quot;created_timestamp&quot;:&quot;0&quot;,&quot;copyright&quot;:&quot;&quot;,&quot;focal_length&quot;:&quot;0&quot;,&quot;iso&quot;:&quot;0&quot;,&quot;shutter_speed&quot;:&quot;0&quot;,&quot;title&quot;:&quot;&quot;,&quot;orientation&quot;:&quot;0&quot;}\" data-image-title=\"WhatsApp-Image-2020-10-28-at-09.45.01\" data-image-description=\"\" data-image-caption=\"\" data-large-file=\"https:\/\/eldiariodesanpedro.com.ar\/sitio\/wp-content\/uploads\/2020\/10\/WhatsApp-Image-2020-10-28-at-09.45.01-1024x683.jpeg\" data-src=\"https:\/\/eldiariodesanpedro.com.ar\/sitio\/wp-content\/uploads\/2020\/10\/WhatsApp-Image-2020-10-28-at-09.45.01-1024x683.jpeg\" alt=\"\" class=\"wp-image-82833 lazyload\" data-srcset=\"https:\/\/eldiariodesanpedro.com.ar\/sitio\/wp-content\/uploads\/2020\/10\/WhatsApp-Image-2020-10-28-at-09.45.01-1024x683.jpeg 1024w, https:\/\/eldiariodesanpedro.com.ar\/sitio\/wp-content\/uploads\/2020\/10\/WhatsApp-Image-2020-10-28-at-09.45.01-300x200.jpeg 300w, https:\/\/eldiariodesanpedro.com.ar\/sitio\/wp-content\/uploads\/2020\/10\/WhatsApp-Image-2020-10-28-at-09.45.01-768x512.jpeg 768w, https:\/\/eldiariodesanpedro.com.ar\/sitio\/wp-content\/uploads\/2020\/10\/WhatsApp-Image-2020-10-28-at-09.45.01.jpeg 1080w\" data-sizes=\"(max-width: 1024px) 100vw, 1024px\" src=\"data:image\/svg+xml;base64,PHN2ZyB3aWR0aD0iMSIgaGVpZ2h0PSIxIiB4bWxucz0iaHR0cDovL3d3dy53My5vcmcvMjAwMC9zdmciPjwvc3ZnPg==\" style=\"--smush-placeholder-width: 1024px; --smush-placeholder-aspect-ratio: 1024\/683;\" \/><\/figure>\n","protected":false},"excerpt":{"rendered":"<p>Este martes el Gobierno Provincial oficializ\u00f3 el pago de m\u00e1s de 14 millones de pesos para San Pedro que oficializo el Gobernador Axel Kichilof los cuales ser\u00e1n destinados a la modernizaci\u00f3n de las salas de internaci\u00f3n del hospital Emilio Ruffa y para el mejoramiento del estado de las calles. El Gobernador este martes en di\u00e1logo [&hellip;]<\/p>\n","protected":false},"author":4,"featured_media":82828,"comment_status":"open","ping_status":"closed","sticky":false,"template":"","format":"standard","meta":{"om_disable_all_campaigns":false,"_jetpack_memberships_contains_paid_content":false,"footnotes":""},"categories":[50,101,2],"tags":[197,696,33],"class_list":["post-82827","post","type-post","status-publish","format-standard","has-post-thumbnail","hentry","category-destacadas","category-interes-general-locales","category-locales","tag-buenos-aires","tag-interes-general","tag-locales"],"aioseo_notices":[],"gutentor_comment":0,"jetpack_featured_media_url":"https:\/\/eldiariodesanpedro.com.ar\/sitio\/wp-content\/uploads\/2020\/10\/ceciio.png","jetpack_shortlink":"https:\/\/wp.me\/p6RhLt-lxV","jetpack_sharing_enabled":true,"_links":{"self":[{"href":"https:\/\/eldiariodesanpedro.com.ar\/sitio\/wp-json\/wp\/v2\/posts\/82827","targetHints":{"allow":["GET"]}}],"collection":[{"href":"https:\/\/eldiariodesanpedro.com.ar\/sitio\/wp-json\/wp\/v2\/posts"}],"about":[{"href":"https:\/\/eldiariodesanpedro.com.ar\/sitio\/wp-json\/wp\/v2\/types\/post"}],"author":[{"embeddable":true,"href":"https:\/\/eldiariodesanpedro.com.ar\/sitio\/wp-json\/wp\/v2\/users\/4"}],"replies":[{"embeddable":true,"href":"https:\/\/eldiariodesanpedro.com.ar\/sitio\/wp-json\/wp\/v2\/comments?post=82827"}],"version-history":[{"count":5,"href":"https:\/\/eldiariodesanpedro.com.ar\/sitio\/wp-json\/wp\/v2\/posts\/82827\/revisions"}],"predecessor-version":[{"id":82834,"href":"https:\/\/eldiariodesanpedro.com.ar\/sitio\/wp-json\/wp\/v2\/posts\/82827\/revisions\/82834"}],"wp:featuredmedia":[{"embeddable":true,"href":"https:\/\/eldiariodesanpedro.com.ar\/sitio\/wp-json\/wp\/v2\/media\/82828"}],"wp:attachment":[{"href":"https:\/\/eldiariodesanpedro.com.ar\/sitio\/wp-json\/wp\/v2\/media?parent=82827"}],"wp:term":[{"taxonomy":"category","embeddable":true,"href":"https:\/\/eldiariodesanpedro.com.ar\/sitio\/wp-json\/wp\/v2\/categories?post=82827"},{"taxonomy":"post_tag","embeddable":true,"href":"https:\/\/eldiariodesanpedro.com.ar\/sitio\/wp-json\/wp\/v2\/tags?post=82827"}],"curies":[{"name":"wp","href":"https:\/\/api.w.org\/{rel}","templated":true}]}}