{"id":82824,"date":"2020-10-28T09:08:16","date_gmt":"2020-10-28T12:08:16","guid":{"rendered":"https:\/\/eldiariodesanpedro.com.ar\/sitio\/?p=82824"},"modified":"2020-10-28T09:08:20","modified_gmt":"2020-10-28T12:08:20","slug":"perez-millan-la-localidad-vuelve-a-fase-4","status":"publish","type":"post","link":"https:\/\/eldiariodesanpedro.com.ar\/sitio\/perez-millan-la-localidad-vuelve-a-fase-4\/","title":{"rendered":"PEREZ MILLAN | La Localidad vuelve a fase 4"},"content":{"rendered":"<!-- VideographyWP Plugin Message: Automatic video embedding prevented by plugin options. -->\n\n<p>A partir de este martes 27 de octubre, P\u00e9rez Mill\u00e1n vuelve a entrar en fase 4.\u00a0<\/p>\n\n\n\n<p>Desde la Municipalidad de Ramallo detallaron las actividades y horarios que volver\u00e1n a regir en esa localidad: El horario comercial ser\u00e1 de 8:00 hs a 21:00 hs. Adem\u00e1s de volver a permitirse las actividades que estaban restringidas, como ser atenci\u00f3n al p\u00fablico en tiendas y zapatiller\u00edas; ferias itinerantes de alimentos; ensayos de obras culturales, talleres culturales y asistencia a espacios culturales; actividades deportivas al aire libre; actividades recreativas; gimnasios; bibliotecas, templos e iglesias.\u00a0<\/p>\n\n\n\n<p>Estas \u00faltimas, podr\u00e1n llevarse a cabo de lunes a domingo de 8 a 19 horas con una capacidad m\u00e1xima de 10 personas (dentro de un templo) o de 20 (al aire libre), siempre respetando las medidas de prevenci\u00f3n de contagios vigentes como el uso de tapabocas y la distancia entre las personas. Los templos e iglesias deber\u00e1n ser cuidadosamente desinfectados antes y despu\u00e9s de la celebraci\u00f3n o misa, que no podr\u00e1 superar una duraci\u00f3n de 1 hora.<\/p>\n\n\n\n<p>Respecto a lo comercial, el horario del sector gastron\u00f3mico que ser\u00e1 de lunes a domingo desde las 8:00 hasta la 1 de la madrugada.<\/p>\n\n\n\n<p>Esta disposici\u00f3n incluye a los comercios dedicados a la fabricaci\u00f3n y<br>comercializaci\u00f3n de cremas heladas y busca evitar la aglomeraci\u00f3n de las<br>personas, ya que la \u00e9poca actual del a\u00f1o presenta un d\u00eda m\u00e1s extenso.<\/p>\n\n\n\n<p>Fuente: Ramallo Informa<\/p>\n","protected":false},"excerpt":{"rendered":"<p>A partir de este martes 27 de octubre, P\u00e9rez Mill\u00e1n vuelve a entrar en fase 4.\u00a0 Desde la Municipalidad de Ramallo detallaron las actividades y horarios que volver\u00e1n a regir en esa localidad: El horario comercial ser\u00e1 de 8:00 hs a 21:00 hs. Adem\u00e1s de volver a permitirse las actividades que estaban restringidas, como ser [&hellip;]<\/p>\n","protected":false},"author":4,"featured_media":82825,"comment_status":"open","ping_status":"closed","sticky":false,"template":"","format":"standard","meta":{"om_disable_all_campaigns":false,"_jetpack_memberships_contains_paid_content":false,"footnotes":""},"categories":[621],"tags":[681],"class_list":["post-82824","post","type-post","status-publish","format-standard","has-post-thumbnail","hentry","category-regionales","tag-regionales"],"aioseo_notices":[],"gutentor_comment":0,"jetpack_featured_media_url":"https:\/\/eldiariodesanpedro.com.ar\/sitio\/wp-content\/uploads\/2020\/10\/PEREZ.jpg","jetpack_shortlink":"https:\/\/wp.me\/p6RhLt-lxS","jetpack_sharing_enabled":true,"_links":{"self":[{"href":"https:\/\/eldiariodesanpedro.com.ar\/sitio\/wp-json\/wp\/v2\/posts\/82824","targetHints":{"allow":["GET"]}}],"collection":[{"href":"https:\/\/eldiariodesanpedro.com.ar\/sitio\/wp-json\/wp\/v2\/posts"}],"about":[{"href":"https:\/\/eldiariodesanpedro.com.ar\/sitio\/wp-json\/wp\/v2\/types\/post"}],"author":[{"embeddable":true,"href":"https:\/\/eldiariodesanpedro.com.ar\/sitio\/wp-json\/wp\/v2\/users\/4"}],"replies":[{"embeddable":true,"href":"https:\/\/eldiariodesanpedro.com.ar\/sitio\/wp-json\/wp\/v2\/comments?post=82824"}],"version-history":[{"count":1,"href":"https:\/\/eldiariodesanpedro.com.ar\/sitio\/wp-json\/wp\/v2\/posts\/82824\/revisions"}],"predecessor-version":[{"id":82826,"href":"https:\/\/eldiariodesanpedro.com.ar\/sitio\/wp-json\/wp\/v2\/posts\/82824\/revisions\/82826"}],"wp:featuredmedia":[{"embeddable":true,"href":"https:\/\/eldiariodesanpedro.com.ar\/sitio\/wp-json\/wp\/v2\/media\/82825"}],"wp:attachment":[{"href":"https:\/\/eldiariodesanpedro.com.ar\/sitio\/wp-json\/wp\/v2\/media?parent=82824"}],"wp:term":[{"taxonomy":"category","embeddable":true,"href":"https:\/\/eldiariodesanpedro.com.ar\/sitio\/wp-json\/wp\/v2\/categories?post=82824"},{"taxonomy":"post_tag","embeddable":true,"href":"https:\/\/eldiariodesanpedro.com.ar\/sitio\/wp-json\/wp\/v2\/tags?post=82824"}],"curies":[{"name":"wp","href":"https:\/\/api.w.org\/{rel}","templated":true}]}}