{"id":82822,"date":"2020-10-28T09:04:47","date_gmt":"2020-10-28T12:04:47","guid":{"rendered":"https:\/\/eldiariodesanpedro.com.ar\/sitio\/?p=82822"},"modified":"2020-10-28T09:04:51","modified_gmt":"2020-10-28T12:04:51","slug":"anses-prorroga-el-pago-de-cuotas-de-los-creditos-hasta-el-30-de-noviembre","status":"publish","type":"post","link":"https:\/\/eldiariodesanpedro.com.ar\/sitio\/anses-prorroga-el-pago-de-cuotas-de-los-creditos-hasta-el-30-de-noviembre\/","title":{"rendered":"ANSES prorroga el pago de cuotas de los cr\u00e9ditos hasta el 30 de noviembre"},"content":{"rendered":"<!-- VideographyWP Plugin Message: Automatic video embedding prevented by plugin options. -->\n\n<p>ANSES informa que extiende la suspensi\u00f3n del pago de las cuotas de los Cr\u00e9ditos ANSES hasta el 30 de noviembre, en el marco de la Resoluci\u00f3n 10\/2020 publicada hoy en el Bolet\u00edn Oficial. Con esta medida queda incluido el pr\u00f3ximo mes en el per\u00edodo de gracia ya otorgado -de enero hasta octubre-, lo que hace un total de once meses de pr\u00f3rroga.<\/p>\n\n\n\n<p>Adem\u00e1s, la medida establece que, en los cr\u00e9ditos otorgados a titulares de Asignaci\u00f3n Universal por Hijo (AUH) y Asignaciones Familiares (SUAF), la suspensi\u00f3n de cuotas depender\u00e1 de que el menor por el cual se percibe la prestaci\u00f3n no alcance durante ese lapso los 18 a\u00f1os, salvo en el caso de personas con discapacidad.<\/p>\n\n\n\n<p>A su vez, se except\u00faa del l\u00edmite de edad m\u00e1xima a la fecha de finalizaci\u00f3n del pago de los pr\u00e9stamos a los beneficiarios del Sistema Integrado Previsional Argentino (SIPA), Prestaciones No Contributivas (PNC) por Vejez, Invalidez y Madres de m\u00e1s de Siete Hijos, y Pensi\u00f3n Universal para el Adulto Mayor (PUAM).<\/p>\n","protected":false},"excerpt":{"rendered":"<p>ANSES informa que extiende la suspensi\u00f3n del pago de las cuotas de los Cr\u00e9ditos ANSES hasta el 30 de noviembre, en el marco de la Resoluci\u00f3n 10\/2020 publicada hoy en el Bolet\u00edn Oficial. Con esta medida queda incluido el pr\u00f3ximo mes en el per\u00edodo de gracia ya otorgado -de enero hasta octubre-, lo que hace [&hellip;]<\/p>\n","protected":false},"author":4,"featured_media":79417,"comment_status":"open","ping_status":"closed","sticky":false,"template":"","format":"standard","meta":{"om_disable_all_campaigns":false,"_jetpack_memberships_contains_paid_content":false,"footnotes":""},"categories":[101,2],"tags":[],"class_list":["post-82822","post","type-post","status-publish","format-standard","has-post-thumbnail","hentry","category-interes-general-locales","category-locales"],"aioseo_notices":[],"gutentor_comment":0,"jetpack_featured_media_url":"https:\/\/eldiariodesanpedro.com.ar\/sitio\/wp-content\/uploads\/2020\/08\/1588601711_001936_1588601952_noticia_normal.jpg","jetpack_shortlink":"https:\/\/wp.me\/p6RhLt-lxQ","jetpack_sharing_enabled":true,"_links":{"self":[{"href":"https:\/\/eldiariodesanpedro.com.ar\/sitio\/wp-json\/wp\/v2\/posts\/82822","targetHints":{"allow":["GET"]}}],"collection":[{"href":"https:\/\/eldiariodesanpedro.com.ar\/sitio\/wp-json\/wp\/v2\/posts"}],"about":[{"href":"https:\/\/eldiariodesanpedro.com.ar\/sitio\/wp-json\/wp\/v2\/types\/post"}],"author":[{"embeddable":true,"href":"https:\/\/eldiariodesanpedro.com.ar\/sitio\/wp-json\/wp\/v2\/users\/4"}],"replies":[{"embeddable":true,"href":"https:\/\/eldiariodesanpedro.com.ar\/sitio\/wp-json\/wp\/v2\/comments?post=82822"}],"version-history":[{"count":1,"href":"https:\/\/eldiariodesanpedro.com.ar\/sitio\/wp-json\/wp\/v2\/posts\/82822\/revisions"}],"predecessor-version":[{"id":82823,"href":"https:\/\/eldiariodesanpedro.com.ar\/sitio\/wp-json\/wp\/v2\/posts\/82822\/revisions\/82823"}],"wp:featuredmedia":[{"embeddable":true,"href":"https:\/\/eldiariodesanpedro.com.ar\/sitio\/wp-json\/wp\/v2\/media\/79417"}],"wp:attachment":[{"href":"https:\/\/eldiariodesanpedro.com.ar\/sitio\/wp-json\/wp\/v2\/media?parent=82822"}],"wp:term":[{"taxonomy":"category","embeddable":true,"href":"https:\/\/eldiariodesanpedro.com.ar\/sitio\/wp-json\/wp\/v2\/categories?post=82822"},{"taxonomy":"post_tag","embeddable":true,"href":"https:\/\/eldiariodesanpedro.com.ar\/sitio\/wp-json\/wp\/v2\/tags?post=82822"}],"curies":[{"name":"wp","href":"https:\/\/api.w.org\/{rel}","templated":true}]}}