{"id":82807,"date":"2020-10-27T19:27:43","date_gmt":"2020-10-27T22:27:43","guid":{"rendered":"https:\/\/eldiariodesanpedro.com.ar\/sitio\/?p=82807"},"modified":"2020-10-27T19:27:51","modified_gmt":"2020-10-27T22:27:51","slug":"trabajos-de-compactacion-de-750-motos-y-100-automoviles","status":"publish","type":"post","link":"https:\/\/eldiariodesanpedro.com.ar\/sitio\/trabajos-de-compactacion-de-750-motos-y-100-automoviles\/","title":{"rendered":"Trabajos de compactaci\u00f3n de 750 motos y 100 autom\u00f3viles"},"content":{"rendered":"<!-- VideographyWP Plugin Message: Automatic video embedding prevented by plugin options. -->\n\n<p>En la ma\u00f1ana de hoy se hizo presente en  la el deposito municipal ubicado en el predio de la ex fabrica Coplac emplazada sobre la Av. Cruzero General Belgrano, la maquina que llevara a cabo la compactaci\u00f3n de autom\u00f3viles y motocicletas.<\/p>\n\n\n\n<p>Alrededor de las 10 hs en el deposito municipal comenz\u00f3 a trabajar la maquina compactadora que realizara la tarea de compactar 750motocicletas y 100 autom\u00f3viles que se encontraban abandonados desde mas de 3 a\u00f1os.<\/p>\n\n\n\n<p>Los rodados tras ser compactados ser\u00e1n trasladados a una metal\u00fargica por camiones perteneciente a la empresa que se encarga de los trabajos, antes de eso ser\u00e1 pesado la cantidad de kilos de metal y luego la empresa deber\u00e1 abonar por kilo de metal en la municipalidad de San Pedro.<\/p>\n\n\n\n<p>Estas tareas se volver\u00e1n a realizar en el mes de enero cuando se informe otros trabajos para esta empresa, el fin de estas tareas es solo dejar los rodados que superen los 180 d\u00edas como esta estipulado en el decreto municipal.<\/p>\n\n\n\n<figure class=\"wp-block-embed-facebook wp-block-embed is-type-rich is-provider-gestor-del-servicio\"><div class=\"wp-block-embed__wrapper\">\n<div class=\"fb-video\" data-allowfullscreen=\"true\" data-href=\"https:\/\/www.facebook.com\/eldiario.desanpedro\/videos\/3434946806595888\" style=\"background-color: #fff; display: inline-block;\"><\/div>\n<\/div><\/figure>\n\n\n\n<figure class=\"wp-block-embed-facebook wp-block-embed is-type-rich is-provider-gestor-del-servicio\"><div class=\"wp-block-embed__wrapper\">\n<div class=\"fb-video\" data-allowfullscreen=\"true\" data-href=\"https:\/\/www.facebook.com\/eldiario.desanpedro\/videos\/348000119599042\" style=\"background-color: #fff; display: inline-block;\"><\/div>\n<\/div><\/figure>\n\n\n\n<figure class=\"wp-block-embed-facebook wp-block-embed is-type-rich is-provider-gestor-del-servicio\"><div class=\"wp-block-embed__wrapper\">\n<div class=\"fb-video\" data-allowfullscreen=\"true\" data-href=\"https:\/\/www.facebook.com\/eldiario.desanpedro\/videos\/339894303974760\" style=\"background-color: #fff; display: inline-block;\"><\/div>\n<\/div><\/figure>\n\n\n\n<figure class=\"wp-block-embed-facebook wp-block-embed is-type-rich is-provider-gestor-del-servicio\"><div class=\"wp-block-embed__wrapper\">\n<div class=\"fb-post\" data-href=\"https:\/\/www.facebook.com\/eldiario.desanpedro\/posts\/1418463851696083\" data-width=\"552\" style=\"background-color: #fff; display: inline-block;\"><\/div>\n<\/div><\/figure>\n","protected":false},"excerpt":{"rendered":"<p>En la ma\u00f1ana de hoy se hizo presente en la el deposito municipal ubicado en el predio de la ex fabrica Coplac emplazada sobre la Av. Cruzero General Belgrano, la maquina que llevara a cabo la compactaci\u00f3n de autom\u00f3viles y motocicletas. Alrededor de las 10 hs en el deposito municipal comenz\u00f3 a trabajar la maquina [&hellip;]<\/p>\n","protected":false},"author":4,"featured_media":82808,"comment_status":"open","ping_status":"closed","sticky":false,"template":"","format":"standard","meta":{"om_disable_all_campaigns":false,"_jetpack_memberships_contains_paid_content":false,"footnotes":""},"categories":[50,101,2],"tags":[197,696,33],"class_list":["post-82807","post","type-post","status-publish","format-standard","has-post-thumbnail","hentry","category-destacadas","category-interes-general-locales","category-locales","tag-buenos-aires","tag-interes-general","tag-locales"],"aioseo_notices":[],"gutentor_comment":0,"jetpack_featured_media_url":"https:\/\/eldiariodesanpedro.com.ar\/sitio\/wp-content\/uploads\/2020\/10\/WhatsApp-Image-2020-10-27-at-12.46.47-1.jpeg","jetpack_shortlink":"https:\/\/wp.me\/p6RhLt-lxB","jetpack_sharing_enabled":true,"_links":{"self":[{"href":"https:\/\/eldiariodesanpedro.com.ar\/sitio\/wp-json\/wp\/v2\/posts\/82807","targetHints":{"allow":["GET"]}}],"collection":[{"href":"https:\/\/eldiariodesanpedro.com.ar\/sitio\/wp-json\/wp\/v2\/posts"}],"about":[{"href":"https:\/\/eldiariodesanpedro.com.ar\/sitio\/wp-json\/wp\/v2\/types\/post"}],"author":[{"embeddable":true,"href":"https:\/\/eldiariodesanpedro.com.ar\/sitio\/wp-json\/wp\/v2\/users\/4"}],"replies":[{"embeddable":true,"href":"https:\/\/eldiariodesanpedro.com.ar\/sitio\/wp-json\/wp\/v2\/comments?post=82807"}],"version-history":[{"count":1,"href":"https:\/\/eldiariodesanpedro.com.ar\/sitio\/wp-json\/wp\/v2\/posts\/82807\/revisions"}],"predecessor-version":[{"id":82809,"href":"https:\/\/eldiariodesanpedro.com.ar\/sitio\/wp-json\/wp\/v2\/posts\/82807\/revisions\/82809"}],"wp:featuredmedia":[{"embeddable":true,"href":"https:\/\/eldiariodesanpedro.com.ar\/sitio\/wp-json\/wp\/v2\/media\/82808"}],"wp:attachment":[{"href":"https:\/\/eldiariodesanpedro.com.ar\/sitio\/wp-json\/wp\/v2\/media?parent=82807"}],"wp:term":[{"taxonomy":"category","embeddable":true,"href":"https:\/\/eldiariodesanpedro.com.ar\/sitio\/wp-json\/wp\/v2\/categories?post=82807"},{"taxonomy":"post_tag","embeddable":true,"href":"https:\/\/eldiariodesanpedro.com.ar\/sitio\/wp-json\/wp\/v2\/tags?post=82807"}],"curies":[{"name":"wp","href":"https:\/\/api.w.org\/{rel}","templated":true}]}}