{"id":82796,"date":"2020-10-27T10:43:28","date_gmt":"2020-10-27T13:43:28","guid":{"rendered":"https:\/\/eldiariodesanpedro.com.ar\/sitio\/?p=82796"},"modified":"2020-10-27T10:43:32","modified_gmt":"2020-10-27T13:43:32","slug":"caravana-por-el-10o-aniversario-del-fallecimiento-de-nestor-kirchner","status":"publish","type":"post","link":"https:\/\/eldiariodesanpedro.com.ar\/sitio\/caravana-por-el-10o-aniversario-del-fallecimiento-de-nestor-kirchner\/","title":{"rendered":"Caravana por el 10\u00ba aniversario del fallecimiento de N\u00e9stor Kirchner"},"content":{"rendered":"<!-- VideographyWP Plugin Message: Automatic video embedding prevented by plugin options. -->\n\n<p>En la jornada de hoy los representantes del partido Frente de Todos y partido justicialista realizaran una caravana por la ciudad en conmemoraci\u00f3n al aniversario del fallecimiento del ex presidente N\u00e9stor Kirchner.<\/p>\n\n\n\n<p>Se llevara a cabo en la jornada de hoy  desde las 18 hs y la concentraci\u00f3n se realizara  en la bajada al puerto N\u00e9stor Kirchner desde donde comenzara el recorrido. <\/p>\n\n\n\n<p>Quienes quieran unirse a la movilizaci\u00f3n lo deber\u00e1n hacer en veh\u00edculo particular, con barbijos y respetando el distanciamiento social.<\/p>\n","protected":false},"excerpt":{"rendered":"<p>En la jornada de hoy los representantes del partido Frente de Todos y partido justicialista realizaran una caravana por la ciudad en conmemoraci\u00f3n al aniversario del fallecimiento del ex presidente N\u00e9stor Kirchner. Se llevara a cabo en la jornada de hoy desde las 18 hs y la concentraci\u00f3n se realizara en la bajada al puerto [&hellip;]<\/p>\n","protected":false},"author":4,"featured_media":82797,"comment_status":"open","ping_status":"closed","sticky":false,"template":"","format":"standard","meta":{"om_disable_all_campaigns":false,"_jetpack_memberships_contains_paid_content":false,"footnotes":""},"categories":[101,2],"tags":[197,696,33,1849],"class_list":["post-82796","post","type-post","status-publish","format-standard","has-post-thumbnail","hentry","category-interes-general-locales","category-locales","tag-buenos-aires","tag-interes-general","tag-locales","tag-nestor-kirchner"],"aioseo_notices":[],"gutentor_comment":0,"jetpack_featured_media_url":"https:\/\/eldiariodesanpedro.com.ar\/sitio\/wp-content\/uploads\/2020\/10\/Cristina-y-Nestor.jpg","jetpack_shortlink":"https:\/\/wp.me\/p6RhLt-lxq","jetpack_sharing_enabled":true,"_links":{"self":[{"href":"https:\/\/eldiariodesanpedro.com.ar\/sitio\/wp-json\/wp\/v2\/posts\/82796","targetHints":{"allow":["GET"]}}],"collection":[{"href":"https:\/\/eldiariodesanpedro.com.ar\/sitio\/wp-json\/wp\/v2\/posts"}],"about":[{"href":"https:\/\/eldiariodesanpedro.com.ar\/sitio\/wp-json\/wp\/v2\/types\/post"}],"author":[{"embeddable":true,"href":"https:\/\/eldiariodesanpedro.com.ar\/sitio\/wp-json\/wp\/v2\/users\/4"}],"replies":[{"embeddable":true,"href":"https:\/\/eldiariodesanpedro.com.ar\/sitio\/wp-json\/wp\/v2\/comments?post=82796"}],"version-history":[{"count":1,"href":"https:\/\/eldiariodesanpedro.com.ar\/sitio\/wp-json\/wp\/v2\/posts\/82796\/revisions"}],"predecessor-version":[{"id":82798,"href":"https:\/\/eldiariodesanpedro.com.ar\/sitio\/wp-json\/wp\/v2\/posts\/82796\/revisions\/82798"}],"wp:featuredmedia":[{"embeddable":true,"href":"https:\/\/eldiariodesanpedro.com.ar\/sitio\/wp-json\/wp\/v2\/media\/82797"}],"wp:attachment":[{"href":"https:\/\/eldiariodesanpedro.com.ar\/sitio\/wp-json\/wp\/v2\/media?parent=82796"}],"wp:term":[{"taxonomy":"category","embeddable":true,"href":"https:\/\/eldiariodesanpedro.com.ar\/sitio\/wp-json\/wp\/v2\/categories?post=82796"},{"taxonomy":"post_tag","embeddable":true,"href":"https:\/\/eldiariodesanpedro.com.ar\/sitio\/wp-json\/wp\/v2\/tags?post=82796"}],"curies":[{"name":"wp","href":"https:\/\/api.w.org\/{rel}","templated":true}]}}