{"id":82790,"date":"2020-10-27T10:31:31","date_gmt":"2020-10-27T13:31:31","guid":{"rendered":"https:\/\/eldiariodesanpedro.com.ar\/sitio\/?p=82790"},"modified":"2020-10-27T10:31:34","modified_gmt":"2020-10-27T13:31:34","slug":"el-estado-en-tu-barrio-comienza-a-trabajar-desde-hoy-en-san-pedro","status":"publish","type":"post","link":"https:\/\/eldiariodesanpedro.com.ar\/sitio\/el-estado-en-tu-barrio-comienza-a-trabajar-desde-hoy-en-san-pedro\/","title":{"rendered":"\u00abEl estado en tu barrio\u00bb comienza a trabajar desde hoy en San Pedro"},"content":{"rendered":"<!-- VideographyWP Plugin Message: Automatic video embedding prevented by plugin options. -->\n\n<p>En el d\u00eda de hoy comienza la primera jornada de \u00abEl estado en tu barrio\u00bb que ser realiza en el barrio en el amanecer a pocos metros de la Bajada de Ch\u00e1vez.<\/p>\n\n\n\n<p>El Estado en tu barrio es un&nbsp;<strong>programa nacional<\/strong>&nbsp;que acerca servicios y prestaciones del Estado a cada rinc\u00f3n del pa\u00eds, para que puedas hacer tr\u00e1mites cerca de tu casa, en un mismo lugar, de forma gratuita y en menos tiempo.<\/p>\n\n\n\n<p>Desplegamos\u00a0<strong>dispositivos m\u00f3viles<\/strong>, en articulaci\u00f3n con organismos nacionales y locales, para que puedas realizar tr\u00e1mites, informarte, acceder a prestaciones de salud, asesoramiento jur\u00eddico, capacitaciones, actividades culturales, l\u00fadicas, deportivas, y ferias de productos.<\/p>\n\n\n\n<p>En nuestra ciudad se realizara durante una semana desde le 27 de octubre hasta el martes 3 de noviembre.<\/p>\n\n\n\n<p>El cronograma es el siguiente: <\/p>\n\n\n\n<p>Martes 27 &#8211; Consumos problem\u00e1ticos CPA<br>Mi\u00e9rcoles 28 &#8211; Tercera edad &#8211; Tarjeta M\u00e1s Vida<br>Jueves 29 &#8211; Violencia de Genero<br>Viernes 30 &#8211; Jornada de vacunaci\u00f3n y control libreta sanitaria<br>Lunes 2 &#8211; ReNaTEP &#8211; Econom\u00eda Popular<br>Martes 3 &#8211; Garrafa Social &#8211; Programa Hogar<\/p>\n\n\n\n<figure class=\"wp-block-image size-large\"><img decoding=\"async\" width=\"1024\" height=\"1024\" data-attachment-id=\"82791\" data-permalink=\"https:\/\/eldiariodesanpedro.com.ar\/sitio\/el-estado-en-tu-barrio-comienza-a-trabajar-desde-hoy-en-san-pedro\/whatsapp-image-2020-10-27-at-07-26-36\/\" data-orig-file=\"https:\/\/eldiariodesanpedro.com.ar\/sitio\/wp-content\/uploads\/2020\/10\/WhatsApp-Image-2020-10-27-at-07.26.36.jpeg\" data-orig-size=\"1181,1181\" data-comments-opened=\"1\" data-image-meta=\"{&quot;aperture&quot;:&quot;0&quot;,&quot;credit&quot;:&quot;&quot;,&quot;camera&quot;:&quot;&quot;,&quot;caption&quot;:&quot;&quot;,&quot;created_timestamp&quot;:&quot;0&quot;,&quot;copyright&quot;:&quot;&quot;,&quot;focal_length&quot;:&quot;0&quot;,&quot;iso&quot;:&quot;0&quot;,&quot;shutter_speed&quot;:&quot;0&quot;,&quot;title&quot;:&quot;&quot;,&quot;orientation&quot;:&quot;0&quot;}\" data-image-title=\"WhatsApp Image 2020-10-27 at 07.26.36\" data-image-description=\"\" data-image-caption=\"\" data-large-file=\"https:\/\/eldiariodesanpedro.com.ar\/sitio\/wp-content\/uploads\/2020\/10\/WhatsApp-Image-2020-10-27-at-07.26.36-1024x1024.jpeg\" data-src=\"https:\/\/eldiariodesanpedro.com.ar\/sitio\/wp-content\/uploads\/2020\/10\/WhatsApp-Image-2020-10-27-at-07.26.36-1024x1024.jpeg\" alt=\"\" class=\"wp-image-82791 lazyload\" data-srcset=\"https:\/\/eldiariodesanpedro.com.ar\/sitio\/wp-content\/uploads\/2020\/10\/WhatsApp-Image-2020-10-27-at-07.26.36-1024x1024.jpeg 1024w, https:\/\/eldiariodesanpedro.com.ar\/sitio\/wp-content\/uploads\/2020\/10\/WhatsApp-Image-2020-10-27-at-07.26.36-300x300.jpeg 300w, https:\/\/eldiariodesanpedro.com.ar\/sitio\/wp-content\/uploads\/2020\/10\/WhatsApp-Image-2020-10-27-at-07.26.36-150x150.jpeg 150w, https:\/\/eldiariodesanpedro.com.ar\/sitio\/wp-content\/uploads\/2020\/10\/WhatsApp-Image-2020-10-27-at-07.26.36-768x768.jpeg 768w, https:\/\/eldiariodesanpedro.com.ar\/sitio\/wp-content\/uploads\/2020\/10\/WhatsApp-Image-2020-10-27-at-07.26.36.jpeg 1181w\" data-sizes=\"(max-width: 1024px) 100vw, 1024px\" src=\"data:image\/svg+xml;base64,PHN2ZyB3aWR0aD0iMSIgaGVpZ2h0PSIxIiB4bWxucz0iaHR0cDovL3d3dy53My5vcmcvMjAwMC9zdmciPjwvc3ZnPg==\" style=\"--smush-placeholder-width: 1024px; --smush-placeholder-aspect-ratio: 1024\/1024;\" \/><\/figure>\n\n\n\n<p> <\/p>\n\n\n\n<figure class=\"wp-block-image size-large\"><img decoding=\"async\" width=\"1024\" height=\"498\" data-attachment-id=\"82794\" data-permalink=\"https:\/\/eldiariodesanpedro.com.ar\/sitio\/el-estado-en-tu-barrio-comienza-a-trabajar-desde-hoy-en-san-pedro\/whatsapp-image-2020-10-27-at-10-17-53\/\" data-orig-file=\"https:\/\/eldiariodesanpedro.com.ar\/sitio\/wp-content\/uploads\/2020\/10\/WhatsApp-Image-2020-10-27-at-10.17.53.jpeg\" data-orig-size=\"1280,622\" data-comments-opened=\"1\" data-image-meta=\"{&quot;aperture&quot;:&quot;0&quot;,&quot;credit&quot;:&quot;&quot;,&quot;camera&quot;:&quot;&quot;,&quot;caption&quot;:&quot;&quot;,&quot;created_timestamp&quot;:&quot;0&quot;,&quot;copyright&quot;:&quot;&quot;,&quot;focal_length&quot;:&quot;0&quot;,&quot;iso&quot;:&quot;0&quot;,&quot;shutter_speed&quot;:&quot;0&quot;,&quot;title&quot;:&quot;&quot;,&quot;orientation&quot;:&quot;0&quot;}\" data-image-title=\"WhatsApp Image 2020-10-27 at 10.17.53\" data-image-description=\"\" data-image-caption=\"\" data-large-file=\"https:\/\/eldiariodesanpedro.com.ar\/sitio\/wp-content\/uploads\/2020\/10\/WhatsApp-Image-2020-10-27-at-10.17.53-1024x498.jpeg\" data-src=\"https:\/\/eldiariodesanpedro.com.ar\/sitio\/wp-content\/uploads\/2020\/10\/WhatsApp-Image-2020-10-27-at-10.17.53-1024x498.jpeg\" alt=\"\" class=\"wp-image-82794 lazyload\" data-srcset=\"https:\/\/eldiariodesanpedro.com.ar\/sitio\/wp-content\/uploads\/2020\/10\/WhatsApp-Image-2020-10-27-at-10.17.53-1024x498.jpeg 1024w, https:\/\/eldiariodesanpedro.com.ar\/sitio\/wp-content\/uploads\/2020\/10\/WhatsApp-Image-2020-10-27-at-10.17.53-300x146.jpeg 300w, https:\/\/eldiariodesanpedro.com.ar\/sitio\/wp-content\/uploads\/2020\/10\/WhatsApp-Image-2020-10-27-at-10.17.53-768x373.jpeg 768w, https:\/\/eldiariodesanpedro.com.ar\/sitio\/wp-content\/uploads\/2020\/10\/WhatsApp-Image-2020-10-27-at-10.17.53.jpeg 1280w\" data-sizes=\"(max-width: 1024px) 100vw, 1024px\" src=\"data:image\/svg+xml;base64,PHN2ZyB3aWR0aD0iMSIgaGVpZ2h0PSIxIiB4bWxucz0iaHR0cDovL3d3dy53My5vcmcvMjAwMC9zdmciPjwvc3ZnPg==\" style=\"--smush-placeholder-width: 1024px; --smush-placeholder-aspect-ratio: 1024\/498;\" \/><\/figure>\n","protected":false},"excerpt":{"rendered":"<p>En el d\u00eda de hoy comienza la primera jornada de \u00abEl estado en tu barrio\u00bb que ser realiza en el barrio en el amanecer a pocos metros de la Bajada de Ch\u00e1vez. El Estado en tu barrio es un&nbsp;programa nacional&nbsp;que acerca servicios y prestaciones del Estado a cada rinc\u00f3n del pa\u00eds, para que puedas hacer [&hellip;]<\/p>\n","protected":false},"author":4,"featured_media":82793,"comment_status":"open","ping_status":"closed","sticky":false,"template":"","format":"standard","meta":{"om_disable_all_campaigns":false,"_jetpack_memberships_contains_paid_content":false,"footnotes":""},"categories":[50,101,2],"tags":[],"class_list":["post-82790","post","type-post","status-publish","format-standard","has-post-thumbnail","hentry","category-destacadas","category-interes-general-locales","category-locales"],"aioseo_notices":[],"gutentor_comment":0,"jetpack_featured_media_url":"https:\/\/eldiariodesanpedro.com.ar\/sitio\/wp-content\/uploads\/2020\/10\/WhatsApp-Image-2020-10-27-at-10.17.53-2.jpeg","jetpack_shortlink":"https:\/\/wp.me\/p6RhLt-lxk","jetpack_sharing_enabled":true,"_links":{"self":[{"href":"https:\/\/eldiariodesanpedro.com.ar\/sitio\/wp-json\/wp\/v2\/posts\/82790","targetHints":{"allow":["GET"]}}],"collection":[{"href":"https:\/\/eldiariodesanpedro.com.ar\/sitio\/wp-json\/wp\/v2\/posts"}],"about":[{"href":"https:\/\/eldiariodesanpedro.com.ar\/sitio\/wp-json\/wp\/v2\/types\/post"}],"author":[{"embeddable":true,"href":"https:\/\/eldiariodesanpedro.com.ar\/sitio\/wp-json\/wp\/v2\/users\/4"}],"replies":[{"embeddable":true,"href":"https:\/\/eldiariodesanpedro.com.ar\/sitio\/wp-json\/wp\/v2\/comments?post=82790"}],"version-history":[{"count":1,"href":"https:\/\/eldiariodesanpedro.com.ar\/sitio\/wp-json\/wp\/v2\/posts\/82790\/revisions"}],"predecessor-version":[{"id":82795,"href":"https:\/\/eldiariodesanpedro.com.ar\/sitio\/wp-json\/wp\/v2\/posts\/82790\/revisions\/82795"}],"wp:featuredmedia":[{"embeddable":true,"href":"https:\/\/eldiariodesanpedro.com.ar\/sitio\/wp-json\/wp\/v2\/media\/82793"}],"wp:attachment":[{"href":"https:\/\/eldiariodesanpedro.com.ar\/sitio\/wp-json\/wp\/v2\/media?parent=82790"}],"wp:term":[{"taxonomy":"category","embeddable":true,"href":"https:\/\/eldiariodesanpedro.com.ar\/sitio\/wp-json\/wp\/v2\/categories?post=82790"},{"taxonomy":"post_tag","embeddable":true,"href":"https:\/\/eldiariodesanpedro.com.ar\/sitio\/wp-json\/wp\/v2\/tags?post=82790"}],"curies":[{"name":"wp","href":"https:\/\/api.w.org\/{rel}","templated":true}]}}