{"id":82787,"date":"2020-10-27T09:48:43","date_gmt":"2020-10-27T12:48:43","guid":{"rendered":"https:\/\/eldiariodesanpedro.com.ar\/sitio\/?p=82787"},"modified":"2020-10-27T09:48:46","modified_gmt":"2020-10-27T12:48:46","slug":"judiciales-pararan-hoy-luego-de-rechazar-la-oferta-salarial","status":"publish","type":"post","link":"https:\/\/eldiariodesanpedro.com.ar\/sitio\/judiciales-pararan-hoy-luego-de-rechazar-la-oferta-salarial\/","title":{"rendered":"Judiciales pararan hoy luego de rechazar la oferta salarial"},"content":{"rendered":"<!-- VideographyWP Plugin Message: Automatic video embedding prevented by plugin options. -->\n\n<p>La Asociaci\u00f3n Judicial Bonaerense rechaz\u00f3 la oferta realizada por el Ejecutivo provincial d\u00edas atr\u00e1s \u201cpor resultar pr\u00e1cticamente id\u00e9ntica a la propuesta anterior\u201d, y convoc\u00f3 a un paro total para hoy martes.Las y los trabajadores judiciales que se encuentren trabajando de manera presencial no concurrir\u00e1n a sus lugares de trabajo, mientras que quienes se encuentran realizando sus tareas de manera remota, no se conectar\u00e1n al sistema.<\/p>\n\n\n\n<p>La Asociaci\u00f3n Judicial Bonaerense rechaz\u00f3 en la mesa de negociaci\u00f3n la propuesta realizada por el Gobierno de Axel Kicillof por considerar que no tiene cambios sustanciales respecto de la oferta rechazada el pasado 13 de octubre, y convoc\u00f3 a un paro total de actividades para la presente jornada.<\/p>\n\n\n\n<p>La \u00faltima propuesta<br>La oferta del Ejecutivo provincial consisti\u00f3 en adicionar a los salarios de diciembre de 2019, un 12% a partir del 1\u00ba de septiembre y un 2% a partir del 1\u00ba de octubre, lo que sumado al 9% acordado en marzo, representan incrementos anuales acumulados del 21% y 23%, respectivamente. Adem\u00e1s, la propuesta contempla la reapertura de la negociaci\u00f3n en diciembre de 2020.<br>Desde el sindicato explicaron que si bien el incremento a septiembre tuvo una variaci\u00f3n del 2%, el incremento anual llega un 23% total, igual al de la oferta anterior. Adem\u00e1s agregaron que esta propuesta no solo no equipara la inflaci\u00f3n, sino que tambi\u00e9n incrementa la brecha entre el aumento ofrecido y la inflaci\u00f3n proyectada para los \u00faltimos meses del a\u00f1o.El gremio exige \u201cuna oferta que permita recuperar el poder adquisitivo del salario perdido en el segundo y tercer trimestre del 2020 y la equiparaci\u00f3n de la evoluci\u00f3n de la inflaci\u00f3n\u201d.<\/p>\n","protected":false},"excerpt":{"rendered":"<p>La Asociaci\u00f3n Judicial Bonaerense rechaz\u00f3 la oferta realizada por el Ejecutivo provincial d\u00edas atr\u00e1s \u201cpor resultar pr\u00e1cticamente id\u00e9ntica a la propuesta anterior\u201d, y convoc\u00f3 a un paro total para hoy martes.Las y los trabajadores judiciales que se encuentren trabajando de manera presencial no concurrir\u00e1n a sus lugares de trabajo, mientras que quienes se encuentran realizando [&hellip;]<\/p>\n","protected":false},"author":4,"featured_media":82788,"comment_status":"open","ping_status":"closed","sticky":false,"template":"","format":"standard","meta":{"om_disable_all_campaigns":false,"_jetpack_memberships_contains_paid_content":false,"footnotes":""},"categories":[101,2],"tags":[197,696,33],"class_list":["post-82787","post","type-post","status-publish","format-standard","has-post-thumbnail","hentry","category-interes-general-locales","category-locales","tag-buenos-aires","tag-interes-general","tag-locales"],"aioseo_notices":[],"gutentor_comment":0,"jetpack_featured_media_url":"https:\/\/eldiariodesanpedro.com.ar\/sitio\/wp-content\/uploads\/2020\/10\/unnamed-2.jpg","jetpack_shortlink":"https:\/\/wp.me\/p6RhLt-lxh","jetpack_sharing_enabled":true,"_links":{"self":[{"href":"https:\/\/eldiariodesanpedro.com.ar\/sitio\/wp-json\/wp\/v2\/posts\/82787","targetHints":{"allow":["GET"]}}],"collection":[{"href":"https:\/\/eldiariodesanpedro.com.ar\/sitio\/wp-json\/wp\/v2\/posts"}],"about":[{"href":"https:\/\/eldiariodesanpedro.com.ar\/sitio\/wp-json\/wp\/v2\/types\/post"}],"author":[{"embeddable":true,"href":"https:\/\/eldiariodesanpedro.com.ar\/sitio\/wp-json\/wp\/v2\/users\/4"}],"replies":[{"embeddable":true,"href":"https:\/\/eldiariodesanpedro.com.ar\/sitio\/wp-json\/wp\/v2\/comments?post=82787"}],"version-history":[{"count":1,"href":"https:\/\/eldiariodesanpedro.com.ar\/sitio\/wp-json\/wp\/v2\/posts\/82787\/revisions"}],"predecessor-version":[{"id":82789,"href":"https:\/\/eldiariodesanpedro.com.ar\/sitio\/wp-json\/wp\/v2\/posts\/82787\/revisions\/82789"}],"wp:featuredmedia":[{"embeddable":true,"href":"https:\/\/eldiariodesanpedro.com.ar\/sitio\/wp-json\/wp\/v2\/media\/82788"}],"wp:attachment":[{"href":"https:\/\/eldiariodesanpedro.com.ar\/sitio\/wp-json\/wp\/v2\/media?parent=82787"}],"wp:term":[{"taxonomy":"category","embeddable":true,"href":"https:\/\/eldiariodesanpedro.com.ar\/sitio\/wp-json\/wp\/v2\/categories?post=82787"},{"taxonomy":"post_tag","embeddable":true,"href":"https:\/\/eldiariodesanpedro.com.ar\/sitio\/wp-json\/wp\/v2\/tags?post=82787"}],"curies":[{"name":"wp","href":"https:\/\/api.w.org\/{rel}","templated":true}]}}