{"id":82782,"date":"2020-10-27T09:28:11","date_gmt":"2020-10-27T12:28:11","guid":{"rendered":"https:\/\/eldiariodesanpedro.com.ar\/sitio\/?p=82782"},"modified":"2020-10-27T09:28:15","modified_gmt":"2020-10-27T12:28:15","slug":"conciliacion-obligatoria-de-choferes-no-habra-paro","status":"publish","type":"post","link":"https:\/\/eldiariodesanpedro.com.ar\/sitio\/conciliacion-obligatoria-de-choferes-no-habra-paro\/","title":{"rendered":"Conciliaci\u00f3n obligatoria de choferes, no habr\u00e1 paro"},"content":{"rendered":"<!-- VideographyWP Plugin Message: Automatic video embedding prevented by plugin options. -->\n\n<p>El Ministerio de Trabajo dict\u00f3 la conciliaci\u00f3n obligatoria en el conflicto salarial de los choferes, por lo cual los micros de corta y media distancia circular\u00e1n normalmente al quedar sin efecto la medida de fuerza que hab\u00eda convocado la Uni\u00f3n Tranviarios Automotor (UTA) para este jueves.<\/p>\n\n\n\n<p>Tom\u00e1s Lencina explic\u00f3 que el gremio contin\u00faa en estado de alerta, y espera que se encuentre una soluci\u00f3n al reclamo de los trabajadores. Piden 10 mil pesos por \u00fanica vez ahora, 20 mil pesos en 3 cuotas y que se aplique el 30 por ciento de aumento salarial retroactivo al 1 de septiembre.<\/p>\n\n\n\n<p>En el d\u00eda de hoy habr\u00e1 una audiencia, y mientras persista la conciliaci\u00f3n obligatoria, no habr\u00e1 paro de colectivos en la ciudad.<\/p>\n","protected":false},"excerpt":{"rendered":"<p>El Ministerio de Trabajo dict\u00f3 la conciliaci\u00f3n obligatoria en el conflicto salarial de los choferes, por lo cual los micros de corta y media distancia circular\u00e1n normalmente al quedar sin efecto la medida de fuerza que hab\u00eda convocado la Uni\u00f3n Tranviarios Automotor (UTA) para este jueves. Tom\u00e1s Lencina explic\u00f3 que el gremio contin\u00faa en estado [&hellip;]<\/p>\n","protected":false},"author":4,"featured_media":82783,"comment_status":"open","ping_status":"closed","sticky":false,"template":"","format":"standard","meta":{"om_disable_all_campaigns":false,"_jetpack_memberships_contains_paid_content":false,"footnotes":""},"categories":[101,2],"tags":[197,696,33],"class_list":["post-82782","post","type-post","status-publish","format-standard","has-post-thumbnail","hentry","category-interes-general-locales","category-locales","tag-buenos-aires","tag-interes-general","tag-locales"],"aioseo_notices":[],"gutentor_comment":0,"jetpack_featured_media_url":"https:\/\/eldiariodesanpedro.com.ar\/sitio\/wp-content\/uploads\/2020\/10\/no_587zfw6q80kmzk8colectivo.jpg","jetpack_shortlink":"https:\/\/wp.me\/p6RhLt-lxc","jetpack_sharing_enabled":true,"_links":{"self":[{"href":"https:\/\/eldiariodesanpedro.com.ar\/sitio\/wp-json\/wp\/v2\/posts\/82782","targetHints":{"allow":["GET"]}}],"collection":[{"href":"https:\/\/eldiariodesanpedro.com.ar\/sitio\/wp-json\/wp\/v2\/posts"}],"about":[{"href":"https:\/\/eldiariodesanpedro.com.ar\/sitio\/wp-json\/wp\/v2\/types\/post"}],"author":[{"embeddable":true,"href":"https:\/\/eldiariodesanpedro.com.ar\/sitio\/wp-json\/wp\/v2\/users\/4"}],"replies":[{"embeddable":true,"href":"https:\/\/eldiariodesanpedro.com.ar\/sitio\/wp-json\/wp\/v2\/comments?post=82782"}],"version-history":[{"count":1,"href":"https:\/\/eldiariodesanpedro.com.ar\/sitio\/wp-json\/wp\/v2\/posts\/82782\/revisions"}],"predecessor-version":[{"id":82784,"href":"https:\/\/eldiariodesanpedro.com.ar\/sitio\/wp-json\/wp\/v2\/posts\/82782\/revisions\/82784"}],"wp:featuredmedia":[{"embeddable":true,"href":"https:\/\/eldiariodesanpedro.com.ar\/sitio\/wp-json\/wp\/v2\/media\/82783"}],"wp:attachment":[{"href":"https:\/\/eldiariodesanpedro.com.ar\/sitio\/wp-json\/wp\/v2\/media?parent=82782"}],"wp:term":[{"taxonomy":"category","embeddable":true,"href":"https:\/\/eldiariodesanpedro.com.ar\/sitio\/wp-json\/wp\/v2\/categories?post=82782"},{"taxonomy":"post_tag","embeddable":true,"href":"https:\/\/eldiariodesanpedro.com.ar\/sitio\/wp-json\/wp\/v2\/tags?post=82782"}],"curies":[{"name":"wp","href":"https:\/\/api.w.org\/{rel}","templated":true}]}}