{"id":82778,"date":"2020-10-27T09:07:11","date_gmt":"2020-10-27T12:07:11","guid":{"rendered":"https:\/\/eldiariodesanpedro.com.ar\/sitio\/?p=82778"},"modified":"2020-10-27T09:07:15","modified_gmt":"2020-10-27T12:07:15","slug":"la-secretaria-de-desarrollo-humano-participo-en-la-capacitacion-crianzas-sin-violencias","status":"publish","type":"post","link":"https:\/\/eldiariodesanpedro.com.ar\/sitio\/la-secretaria-de-desarrollo-humano-participo-en-la-capacitacion-crianzas-sin-violencias\/","title":{"rendered":"La Secretaria de Desarrollo Humano participo en la capacitaci\u00f3n \u00abCrianzas sin violencias\u00bb"},"content":{"rendered":"<!-- VideographyWP Plugin Message: Automatic video embedding prevented by plugin options. -->\n\n<p>Personal del Servicio Local de Promoci\u00f3n y Protecci\u00f3n de los Derechos del ni\u00f1o\/a y adolescentes dependiente de la Secretar\u00eda de Desarrollo Humano particip\u00f3 de la capacitacion \u201cCrianzas sin violencias\u201d, organizada por el Organismo Provincial de Ni\u00f1ez y Adolescencia junto a UNICEF Argentina.<\/p>\n\n\n\n<p>El Organismo Provincial de Ni\u00f1ez y Adolescencia junto a<a href=\"https:\/\/www.facebook.com\/UNICEFargentina\/?__cft__[0]=AZWm-7MZK_keXdPKJvj2biqrppe8J6PTTDlkXpCAxMkWUa5vPHYQKnkDAceZOwqn1MpeTVjj5T7c7kH3gKI8-caXxEoyOqXoXl2w6ZbWr_5UAluv98PVAhxxAZoh8bZlKujfOep50qsPM7jiUmjYFabX2_RAGk4OtZBXZgrVJV9YJI92x9qSz6wFK1inrMlc2g7GXmKmzK50VA_7KSrMjfKqq2SPqEqeFS8TDkFl_VjDTKWgMPxF737fOmMxrhUvD--dCNmFakuPddLGoH8OKKGR&amp;__tn__=kK-y-R\"> UNICEF Argentina<\/a> dieron cierre a la capacitaci\u00f3n \u201cCrianzas sin violencias\u201d.<\/p>\n\n\n\n<p>Las jornadas, que fueron encabezadas por el \u00c1rea de G\u00e9nero y Diversidad, dependiente de la Subsecretaria de Promoci\u00f3n y Protecci\u00f3n de Derechos junto con la Direcci\u00f3n de Programas, contaron con la articulaci\u00f3n de m\u00e1s de 20 municipios de la provincia y m\u00e1s de 100 trabajadores y trabajadoras de la ni\u00f1ez y adolescencia.<\/p>\n\n\n\n<p>En este encuentro virtual se realiz\u00f3 un balance sobre los desaf\u00edos del trabajo del a\u00f1o y tambi\u00e9n las estrategias de cara al 2021. La capacitaci\u00f3n cont\u00f3 con la participaci\u00f3n de la directora ejecutiva,<a href=\"https:\/\/www.facebook.com\/m.eva.asprella\/?__cft__[0]=AZWm-7MZK_keXdPKJvj2biqrppe8J6PTTDlkXpCAxMkWUa5vPHYQKnkDAceZOwqn1MpeTVjj5T7c7kH3gKI8-caXxEoyOqXoXl2w6ZbWr_5UAluv98PVAhxxAZoh8bZlKujfOep50qsPM7jiUmjYFabX2_RAGk4OtZBXZgrVJV9YJI92x9qSz6wFK1inrMlc2g7GXmKmzK50VA_7KSrMjfKqq2SPqEqeFS8TDkFl_VjDTKWgMPxF737fOmMxrhUvD--dCNmFakuPddLGoH8OKKGR&amp;__tn__=kK-y-R\"> Eva Asprella<\/a> quien resalt\u00f3 el valor de estos espacios para el fortalecimiento del OPNyA.<\/p>\n\n\n\n<p>Adem\u00e1s, Asprella remarc\u00f3 que desde el OPNyA se trabaja para promover el respeto por las trayectorias vitales de los NNyA para crear junto a ellas y ellos y sus referentes afectivos la integraci\u00f3n al entramado comunitario.<\/p>\n\n\n\n<p>El cierre cont\u00f3 con la participaci\u00f3n de Hern\u00e1n Monath , especialista en protecci\u00f3n de Derechos de UNICEF y&nbsp; Natalia Gherardi, integrante del Equipo Latinoamericano de Justicia y G\u00e9nero (ELA).<\/p>\n\n\n\n<p>Adem\u00e1s, estuvieron presentes la subsecretaria de Promoci\u00f3n y Protecci\u00f3n de Derechos, Andrea Balleto ; el director Provincial de Programas y Promoci\u00f3n Comunitaria, Marcelo Ballesteros y la coordinadora del \u00c1rea de G\u00e9neros y Diversidades, Gimena Ojeda.<\/p>\n\n\n\n<p>Estas jornadas se realizaron con el objetivo de promover el abordaje de las violencias hacia NNyA, mujeres y diversidades, desde un enfoque de g\u00e9nero y derechos humanos, promocionar el trabajo articulado entre las \u00e1reas de ni\u00f1ez y de g\u00e9nero, fomentar el desarrollo de estrategias y herramientas por parte de los equipos en la promoci\u00f3n y prevenci\u00f3n de las violencias, promover las crianzas igualitarias y equitativas e impulsar el fortalecimiento de un sistema social de cuidados a partir de la creaci\u00f3n y promoci\u00f3n de redes articuladas entre familias, comunidad y Estado.<\/p>\n\n\n\n<figure class=\"wp-block-image size-large\"><img decoding=\"async\" width=\"684\" height=\"500\" data-attachment-id=\"82780\" data-permalink=\"https:\/\/eldiariodesanpedro.com.ar\/sitio\/la-secretaria-de-desarrollo-humano-participo-en-la-capacitacion-crianzas-sin-violencias\/122407734_1980915352043925_6538293156140854600_n\/\" data-orig-file=\"https:\/\/eldiariodesanpedro.com.ar\/sitio\/wp-content\/uploads\/2020\/10\/122407734_1980915352043925_6538293156140854600_n.jpg\" data-orig-size=\"684,500\" data-comments-opened=\"1\" data-image-meta=\"{&quot;aperture&quot;:&quot;0&quot;,&quot;credit&quot;:&quot;&quot;,&quot;camera&quot;:&quot;&quot;,&quot;caption&quot;:&quot;&quot;,&quot;created_timestamp&quot;:&quot;0&quot;,&quot;copyright&quot;:&quot;&quot;,&quot;focal_length&quot;:&quot;0&quot;,&quot;iso&quot;:&quot;0&quot;,&quot;shutter_speed&quot;:&quot;0&quot;,&quot;title&quot;:&quot;&quot;,&quot;orientation&quot;:&quot;0&quot;}\" data-image-title=\"122407734_1980915352043925_6538293156140854600_n\" data-image-description=\"\" data-image-caption=\"\" data-large-file=\"https:\/\/eldiariodesanpedro.com.ar\/sitio\/wp-content\/uploads\/2020\/10\/122407734_1980915352043925_6538293156140854600_n.jpg\" data-src=\"https:\/\/eldiariodesanpedro.com.ar\/sitio\/wp-content\/uploads\/2020\/10\/122407734_1980915352043925_6538293156140854600_n.jpg\" alt=\"\" class=\"wp-image-82780 lazyload\" data-srcset=\"https:\/\/eldiariodesanpedro.com.ar\/sitio\/wp-content\/uploads\/2020\/10\/122407734_1980915352043925_6538293156140854600_n.jpg 684w, https:\/\/eldiariodesanpedro.com.ar\/sitio\/wp-content\/uploads\/2020\/10\/122407734_1980915352043925_6538293156140854600_n-300x219.jpg 300w\" data-sizes=\"(max-width: 684px) 100vw, 684px\" src=\"data:image\/svg+xml;base64,PHN2ZyB3aWR0aD0iMSIgaGVpZ2h0PSIxIiB4bWxucz0iaHR0cDovL3d3dy53My5vcmcvMjAwMC9zdmciPjwvc3ZnPg==\" style=\"--smush-placeholder-width: 684px; --smush-placeholder-aspect-ratio: 684\/500;\" \/><\/figure>\n","protected":false},"excerpt":{"rendered":"<p>Personal del Servicio Local de Promoci\u00f3n y Protecci\u00f3n de los Derechos del ni\u00f1o\/a y adolescentes dependiente de la Secretar\u00eda de Desarrollo Humano particip\u00f3 de la capacitacion \u201cCrianzas sin violencias\u201d, organizada por el Organismo Provincial de Ni\u00f1ez y Adolescencia junto a UNICEF Argentina. El Organismo Provincial de Ni\u00f1ez y Adolescencia junto a UNICEF Argentina dieron cierre [&hellip;]<\/p>\n","protected":false},"author":4,"featured_media":82779,"comment_status":"open","ping_status":"closed","sticky":false,"template":"","format":"standard","meta":{"om_disable_all_campaigns":false,"_jetpack_memberships_contains_paid_content":false,"footnotes":""},"categories":[101,2],"tags":[],"class_list":["post-82778","post","type-post","status-publish","format-standard","has-post-thumbnail","hentry","category-interes-general-locales","category-locales"],"aioseo_notices":[],"gutentor_comment":0,"jetpack_featured_media_url":"https:\/\/eldiariodesanpedro.com.ar\/sitio\/wp-content\/uploads\/2020\/10\/122557245_1980915332043927_257577884686403681_n.jpg","jetpack_shortlink":"https:\/\/wp.me\/p6RhLt-lx8","jetpack_sharing_enabled":true,"_links":{"self":[{"href":"https:\/\/eldiariodesanpedro.com.ar\/sitio\/wp-json\/wp\/v2\/posts\/82778","targetHints":{"allow":["GET"]}}],"collection":[{"href":"https:\/\/eldiariodesanpedro.com.ar\/sitio\/wp-json\/wp\/v2\/posts"}],"about":[{"href":"https:\/\/eldiariodesanpedro.com.ar\/sitio\/wp-json\/wp\/v2\/types\/post"}],"author":[{"embeddable":true,"href":"https:\/\/eldiariodesanpedro.com.ar\/sitio\/wp-json\/wp\/v2\/users\/4"}],"replies":[{"embeddable":true,"href":"https:\/\/eldiariodesanpedro.com.ar\/sitio\/wp-json\/wp\/v2\/comments?post=82778"}],"version-history":[{"count":1,"href":"https:\/\/eldiariodesanpedro.com.ar\/sitio\/wp-json\/wp\/v2\/posts\/82778\/revisions"}],"predecessor-version":[{"id":82781,"href":"https:\/\/eldiariodesanpedro.com.ar\/sitio\/wp-json\/wp\/v2\/posts\/82778\/revisions\/82781"}],"wp:featuredmedia":[{"embeddable":true,"href":"https:\/\/eldiariodesanpedro.com.ar\/sitio\/wp-json\/wp\/v2\/media\/82779"}],"wp:attachment":[{"href":"https:\/\/eldiariodesanpedro.com.ar\/sitio\/wp-json\/wp\/v2\/media?parent=82778"}],"wp:term":[{"taxonomy":"category","embeddable":true,"href":"https:\/\/eldiariodesanpedro.com.ar\/sitio\/wp-json\/wp\/v2\/categories?post=82778"},{"taxonomy":"post_tag","embeddable":true,"href":"https:\/\/eldiariodesanpedro.com.ar\/sitio\/wp-json\/wp\/v2\/tags?post=82778"}],"curies":[{"name":"wp","href":"https:\/\/api.w.org\/{rel}","templated":true}]}}