{"id":82773,"date":"2020-10-26T22:10:48","date_gmt":"2020-10-27T01:10:48","guid":{"rendered":"https:\/\/eldiariodesanpedro.com.ar\/sitio\/?p=82773"},"modified":"2020-10-26T22:12:47","modified_gmt":"2020-10-27T01:12:47","slug":"continua-la-baja-de-casos-1-positivo-y-2-negativos-los-activos-se-acercan-a-100-y-solo-restan-8-muestras","status":"publish","type":"post","link":"https:\/\/eldiariodesanpedro.com.ar\/sitio\/continua-la-baja-de-casos-1-positivo-y-2-negativos-los-activos-se-acercan-a-100-y-solo-restan-8-muestras\/","title":{"rendered":"Continua la baja de casos, 1 positivo y 2 negativos, los activos se acercan a 100 y solo restan 8 muestras"},"content":{"rendered":"<!-- VideographyWP Plugin Message: Automatic video embedding prevented by plugin options. -->\n\n<p>Como viene por el momento San Pedro continua la baja de las personas activas de coronavirus y las consultas en los consultorios amarillos han disminuido en una gran cantidad por lo que como hacia mucho tiempo no pasaba solo restan 8 muestras.<\/p>\n\n\n\n<p>La Secretar\u00eda de Salud de la Municipalidad de San Pedro informa la actualizaci\u00f3n de seguimiento a la Pandemia de Covid-19.<\/p>\n\n\n\n<p>INFORME DIARIO<br>La Secretar\u00eda de Salud comparte el informe de actualizaci\u00f3n correspondiente a los \u00faltimos ex\u00e1menes remitidos a los diferentes laboratorios que procesan muestras.<\/p>\n\n\n\n<p>En el Laboratorio del Hospital SADIV, fueron recibidos 2 resultados negativos y 1 positivo en un hombre de 28 a\u00f1os.<\/p>\n\n\n\n<p>Total de nuevos positivos: 1<br>Total de nuevos negativos: 2<\/p>\n\n\n\n<p>FALLECIMIENTOS<br>En el d\u00eda de hoy se inform\u00f3 el deceso del Sr. Carlos Correa de 88 a\u00f1os, quien falleci\u00f3 el s\u00e1bado 24 en el Hospital Emilio Ruffa y su resultado positivo lleg\u00f3 en las \u00faltimas horas.<br>Adem\u00e1s, se inform\u00f3 el fallecimiento del Sr. Isidoro Silva de 71 a\u00f1os, que se encontraba internado en la UTI del Hospital desde el 5\/10 con un caso positivo de Covid-19.<\/p>\n\n\n\n<p>Con estos nuevos dos casos, San Pedro alcanza los 49 decesos desde el inicio de la Pandemia. Hacemos llegar a las familias y seres queridos de estas dos vecinas nuestras m\u00e1s sinceras condolencias.<\/p>\n\n\n\n<p>ALTAS<br>Se cargaron 37 altas<br>Detalle<br>19 mujeres de 15, 17, 18, 22, 26(2), 32, 35(2), 40, 43(2), 46, 47, 48, 49, 66, 72 y 78 a\u00f1os.<br>18 hombres de 23, 24, 25, 32, 34, 38, 40, 47, 48, 49, 50(2), 57, 59(2), 62, 75 y 76 a\u00f1os.<\/p>\n\n\n\n<p>MUESTRAS<br>Se enviaron 7 muestras a trav\u00e9s del sistema mixto (hisopado p\u00fablico y an\u00e1lisis privado): Mujeres de 23 y 65 a\u00f1os; y hombres de 15, 31, 49, 50 y 68 a\u00f1os.<\/p>\n\n\n\n<p>Resumen actualizado de informaci\u00f3n oficial<br>Positivos desde el inicio de la Pandemia: 1513<br>Activos: 131<br>Recuperados: 1333<br>Fallecidos: 49<br>\u00daltimo env\u00edo de muestras: 7<br>Muestras pendientes: 8<br>Negativos desde el inicio de la Pandemia: 1803<\/p>\n\n\n\n<p>Los datos consignados en este informe corresponden a ex\u00e1menes realizados por PCR.<\/p>\n\n\n\n<p>&#x1f449; Usar tapabocas.<br>&#x1f449; Mantener la distancia m\u00ednima de 2 metros.<br>&#x1f449; Extremar la higiene de los espacios.<br>&#x1f449; Mantener las manos limpias.<\/p>\n\n\n\n<p>Se recuerda que, ante s\u00edntomas de tos seca, fiebre y dolor de garganta y la probabilidad de haber estado en contacto con enfermos o viajeros llegados desde las zonas transmisi\u00f3n local o comunitaria se puede llamar al 148 o 107.<\/p>\n","protected":false},"excerpt":{"rendered":"<p>Como viene por el momento San Pedro continua la baja de las personas activas de coronavirus y las consultas en los consultorios amarillos han disminuido en una gran cantidad por lo que como hacia mucho tiempo no pasaba solo restan 8 muestras. La Secretar\u00eda de Salud de la Municipalidad de San Pedro informa la actualizaci\u00f3n [&hellip;]<\/p>\n","protected":false},"author":4,"featured_media":72433,"comment_status":"open","ping_status":"closed","sticky":false,"template":"","format":"standard","meta":{"om_disable_all_campaigns":false,"_jetpack_memberships_contains_paid_content":false,"footnotes":""},"categories":[50,101,2],"tags":[197,696,33],"class_list":["post-82773","post","type-post","status-publish","format-standard","has-post-thumbnail","hentry","category-destacadas","category-interes-general-locales","category-locales","tag-buenos-aires","tag-interes-general","tag-locales"],"aioseo_notices":[],"gutentor_comment":0,"jetpack_featured_media_url":"https:\/\/eldiariodesanpedro.com.ar\/sitio\/wp-content\/uploads\/2020\/04\/pruebas-muestras-covid-19-coronavirus-20200320-929215.jpg","jetpack_shortlink":"https:\/\/wp.me\/p6RhLt-lx3","jetpack_sharing_enabled":true,"_links":{"self":[{"href":"https:\/\/eldiariodesanpedro.com.ar\/sitio\/wp-json\/wp\/v2\/posts\/82773","targetHints":{"allow":["GET"]}}],"collection":[{"href":"https:\/\/eldiariodesanpedro.com.ar\/sitio\/wp-json\/wp\/v2\/posts"}],"about":[{"href":"https:\/\/eldiariodesanpedro.com.ar\/sitio\/wp-json\/wp\/v2\/types\/post"}],"author":[{"embeddable":true,"href":"https:\/\/eldiariodesanpedro.com.ar\/sitio\/wp-json\/wp\/v2\/users\/4"}],"replies":[{"embeddable":true,"href":"https:\/\/eldiariodesanpedro.com.ar\/sitio\/wp-json\/wp\/v2\/comments?post=82773"}],"version-history":[{"count":2,"href":"https:\/\/eldiariodesanpedro.com.ar\/sitio\/wp-json\/wp\/v2\/posts\/82773\/revisions"}],"predecessor-version":[{"id":82775,"href":"https:\/\/eldiariodesanpedro.com.ar\/sitio\/wp-json\/wp\/v2\/posts\/82773\/revisions\/82775"}],"wp:featuredmedia":[{"embeddable":true,"href":"https:\/\/eldiariodesanpedro.com.ar\/sitio\/wp-json\/wp\/v2\/media\/72433"}],"wp:attachment":[{"href":"https:\/\/eldiariodesanpedro.com.ar\/sitio\/wp-json\/wp\/v2\/media?parent=82773"}],"wp:term":[{"taxonomy":"category","embeddable":true,"href":"https:\/\/eldiariodesanpedro.com.ar\/sitio\/wp-json\/wp\/v2\/categories?post=82773"},{"taxonomy":"post_tag","embeddable":true,"href":"https:\/\/eldiariodesanpedro.com.ar\/sitio\/wp-json\/wp\/v2\/tags?post=82773"}],"curies":[{"name":"wp","href":"https:\/\/api.w.org\/{rel}","templated":true}]}}