{"id":82771,"date":"2020-10-26T19:38:18","date_gmt":"2020-10-26T22:38:18","guid":{"rendered":"https:\/\/eldiariodesanpedro.com.ar\/sitio\/?p=82771"},"modified":"2020-10-26T19:38:19","modified_gmt":"2020-10-26T22:38:19","slug":"matias-vergara-unico-imputado-por-el-asesinato-por-la-espalda-de-vanesa-martinez","status":"publish","type":"post","link":"https:\/\/eldiariodesanpedro.com.ar\/sitio\/matias-vergara-unico-imputado-por-el-asesinato-por-la-espalda-de-vanesa-martinez\/","title":{"rendered":"Mat\u00edas Vergara \u00fanico imputado por el asesinato por la espalda de Vanesa Mart\u00ednez"},"content":{"rendered":"<!-- VideographyWP Plugin Message: Automatic video embedding prevented by plugin options. -->\n\n<p>En la jornada de hoy liberaron a tres de los cuatro detenidos por el asesinato de Vanesa Mart\u00ednez quien recibi\u00f3 un disparo por la espalada cuando quedo en medio de un enfrentamiento entre bandas.<\/p>\n\n\n\n<p>El Juez de Garant\u00edas Dr. Rom\u00e1n Parodi\u00a0 tomo la determinaci\u00f3n de liberar a los hermanos Benvenuto y a Noe Cabrera pero siendo procesado,  quedando como \u00fanico imputado  Mat\u00edas Vergara quien hasta hoy para la fiscal seria quien habr\u00eda disparado hacia la victima.<\/p>\n\n\n\n<p>Mediante una instrucci\u00f3n precisa encabezada por la fiscal Mar\u00eda del Valle Viviani, se logr\u00f3 esclarecer un hecho que indign\u00f3 a la poblaci\u00f3n por las caracter\u00edsticas que tuvo y porque acab\u00f3 con la vida de una persona inocente que nada ten\u00eda que ver con lo que estaba sucediendo. Las pruebas recolectadas, entre las que fueron determinantes las c\u00e1maras gesell efectuadas a las hijas de la v\u00edctima, permitieron resolver el asesinato de Vanesa Mart\u00ednez, la mujer de 36 a\u00f1os que falleci\u00f3 cuando qued\u00f3 en medio de un enfrentamiento armado entre j\u00f3venes ocurrido en inmediaciones de Liniers al 2000 y la v\u00edctima pretend\u00eda resguardar a una de sus hijas que se encontraba en el patio de la casa.<\/p>\n\n\n\n<p>Los datos recogidos con el correr de los d\u00edas le permitieron a la fiscal imputar a cuatro personas que ten\u00edan diferentes responsabilidades en los incidentes que durante esos d\u00edas se ven\u00edan originando en el barrio. <\/p>\n\n\n\n<p>Finalmente, la Dra. Viviani, adelant\u00f3 en forma exclusiva a San Pedro Informa, que el Dr. Rom\u00e1n Parodi, Juez de Garant\u00edas, otorg\u00f3 la prisi\u00f3n preventiva a Mat\u00edas Vergara, por ser el \u00fanico sospechoso de disparar y matar a Mart\u00ednez en el episodio acontecido el lunes 14 de junio, mientras que los hermanos Alejandro y Roberto Benvenutto,&nbsp; quienes eran perseguidos a los tiros por Vergara fueron excarcelados. Tambi\u00e9n, por la misma causa, fue eximido Noe Cabrera que era otro de los imputados.<\/p>\n\n\n\n<p>La causa contra Vergara fue caratulada como \u201cHomicidio simple agravado por el empleo de arma de fuego y abuso de arma\u201d.<\/p>\n\n\n\n<p>Por otro lado, el d\u00eda anterior al hecho m\u00e1s grave, es decir el domingo 13 de septiembre, estos cuatro j\u00f3venes ya ven\u00edan protagonizando una secuencia de incidentes graves que incluy\u00f3 un enfrentamiento armado y culmin\u00f3 con el incendio de la casa de Roberto Benvenutto, es decir que fue el detonante para que la agresi\u00f3n entre estas personas vaya tomando mayor volumen, pero que dio lugar al inicio a la apertura de otra causa en paralelo.<\/p>\n\n\n\n<p>Por este incidente, la Dra. Viviani tambi\u00e9n hab\u00eda solicitado la prisi\u00f3n preventiva de los responsables del hecho, y el Juzgado de Garant\u00edas decidi\u00f3 dictar la prisi\u00f3n preventiva de Noe Cabrera y el propio Mat\u00edas Vergara, por Homicidio en Grado de Tentativa e Incendio. Es decir que Cabrera deber\u00e1 seguir detenido al igual que Vergara, m\u00e1s all\u00e1 que en la otra causa qued\u00f3 al margen.<\/p>\n\n\n\n<p>A la vez, los hermanos Vergara, ahora en libertad, se les inici\u00f3 una causa por portaci\u00f3n y abuso de arma.&nbsp;&nbsp; &nbsp;<\/p>\n\n\n\n<p>\u201cTenemos a Mat\u00edas Vergara como autor del homicidio\u201d, se\u00f1al\u00f3 la fiscal Viviani en el air de FM G\u00e9nesis.<\/p>\n\n\n\n<p>\u201cTambi\u00e9n a Noe Cabrera por portaci\u00f3n ilegal de arma de guerra y tentativa de homicidio contra los hermanos Benvenutto, y a los hermanos Benvenutto portaci\u00f3n ilegal de arma y tentativa de homicidio contra Vergara y Noe Cabrera\u201d.<\/p>\n\n\n\n<p>\u201cGracias a los testimonios recolectados y la c\u00e1mara gesell donde declararon las dos hijas de Vanesa Mart\u00ednez, pudimos determinar la responsabilidad de cada uno. Se pudo establecer bien\u201d.<\/p>\n\n\n\n<p>\u201cCabrera no est\u00e1 imputado en el homicidio pero si tambi\u00e9n en el incendio de la casa de los Benvenutto\u201d, manifest\u00f3 Viviani.<\/p>\n\n\n\n<figure class=\"wp-block-image size-large\"><img decoding=\"async\" width=\"835\" height=\"560\" data-attachment-id=\"81021\" data-permalink=\"https:\/\/eldiariodesanpedro.com.ar\/sitio\/vanesa-murio-protegiendo-a-su-hija-de-9-anos\/10-23\/\" data-orig-file=\"https:\/\/eldiariodesanpedro.com.ar\/sitio\/wp-content\/uploads\/2020\/09\/10.jpg\" data-orig-size=\"835,560\" data-comments-opened=\"1\" data-image-meta=\"{&quot;aperture&quot;:&quot;0&quot;,&quot;credit&quot;:&quot;Usuario&quot;,&quot;camera&quot;:&quot;&quot;,&quot;caption&quot;:&quot;&quot;,&quot;created_timestamp&quot;:&quot;1600171134&quot;,&quot;copyright&quot;:&quot;&quot;,&quot;focal_length&quot;:&quot;0&quot;,&quot;iso&quot;:&quot;0&quot;,&quot;shutter_speed&quot;:&quot;0&quot;,&quot;title&quot;:&quot;&quot;,&quot;orientation&quot;:&quot;0&quot;}\" data-image-title=\"10\" data-image-description=\"\" data-image-caption=\"\" data-large-file=\"https:\/\/eldiariodesanpedro.com.ar\/sitio\/wp-content\/uploads\/2020\/09\/10.jpg\" data-src=\"https:\/\/eldiariodesanpedro.com.ar\/sitio\/wp-content\/uploads\/2020\/09\/10.jpg\" alt=\"\" class=\"wp-image-81021 lazyload\" data-srcset=\"https:\/\/eldiariodesanpedro.com.ar\/sitio\/wp-content\/uploads\/2020\/09\/10.jpg 835w, https:\/\/eldiariodesanpedro.com.ar\/sitio\/wp-content\/uploads\/2020\/09\/10-300x201.jpg 300w, https:\/\/eldiariodesanpedro.com.ar\/sitio\/wp-content\/uploads\/2020\/09\/10-768x515.jpg 768w\" data-sizes=\"(max-width: 835px) 100vw, 835px\" src=\"data:image\/svg+xml;base64,PHN2ZyB3aWR0aD0iMSIgaGVpZ2h0PSIxIiB4bWxucz0iaHR0cDovL3d3dy53My5vcmcvMjAwMC9zdmciPjwvc3ZnPg==\" style=\"--smush-placeholder-width: 835px; --smush-placeholder-aspect-ratio: 835\/560;\" \/><\/figure>\n","protected":false},"excerpt":{"rendered":"<p>En la jornada de hoy liberaron a tres de los cuatro detenidos por el asesinato de Vanesa Mart\u00ednez quien recibi\u00f3 un disparo por la espalada cuando quedo en medio de un enfrentamiento entre bandas. El Juez de Garant\u00edas Dr. Rom\u00e1n Parodi\u00a0 tomo la determinaci\u00f3n de liberar a los hermanos Benvenuto y a Noe Cabrera pero [&hellip;]<\/p>\n","protected":false},"author":4,"featured_media":80972,"comment_status":"open","ping_status":"closed","sticky":false,"template":"","format":"standard","meta":{"om_disable_all_campaigns":false,"_jetpack_memberships_contains_paid_content":false,"footnotes":""},"categories":[50,2,103],"tags":[],"class_list":["post-82771","post","type-post","status-publish","format-standard","has-post-thumbnail","hentry","category-destacadas","category-locales","category-policiales-locales"],"aioseo_notices":[],"gutentor_comment":0,"jetpack_featured_media_url":"https:\/\/eldiariodesanpedro.com.ar\/sitio\/wp-content\/uploads\/2020\/09\/WhatsApp-Image-2020-09-14-at-18.02.19-1.jpeg","jetpack_shortlink":"https:\/\/wp.me\/p6RhLt-lx1","jetpack_sharing_enabled":true,"_links":{"self":[{"href":"https:\/\/eldiariodesanpedro.com.ar\/sitio\/wp-json\/wp\/v2\/posts\/82771","targetHints":{"allow":["GET"]}}],"collection":[{"href":"https:\/\/eldiariodesanpedro.com.ar\/sitio\/wp-json\/wp\/v2\/posts"}],"about":[{"href":"https:\/\/eldiariodesanpedro.com.ar\/sitio\/wp-json\/wp\/v2\/types\/post"}],"author":[{"embeddable":true,"href":"https:\/\/eldiariodesanpedro.com.ar\/sitio\/wp-json\/wp\/v2\/users\/4"}],"replies":[{"embeddable":true,"href":"https:\/\/eldiariodesanpedro.com.ar\/sitio\/wp-json\/wp\/v2\/comments?post=82771"}],"version-history":[{"count":1,"href":"https:\/\/eldiariodesanpedro.com.ar\/sitio\/wp-json\/wp\/v2\/posts\/82771\/revisions"}],"predecessor-version":[{"id":82772,"href":"https:\/\/eldiariodesanpedro.com.ar\/sitio\/wp-json\/wp\/v2\/posts\/82771\/revisions\/82772"}],"wp:featuredmedia":[{"embeddable":true,"href":"https:\/\/eldiariodesanpedro.com.ar\/sitio\/wp-json\/wp\/v2\/media\/80972"}],"wp:attachment":[{"href":"https:\/\/eldiariodesanpedro.com.ar\/sitio\/wp-json\/wp\/v2\/media?parent=82771"}],"wp:term":[{"taxonomy":"category","embeddable":true,"href":"https:\/\/eldiariodesanpedro.com.ar\/sitio\/wp-json\/wp\/v2\/categories?post=82771"},{"taxonomy":"post_tag","embeddable":true,"href":"https:\/\/eldiariodesanpedro.com.ar\/sitio\/wp-json\/wp\/v2\/tags?post=82771"}],"curies":[{"name":"wp","href":"https:\/\/api.w.org\/{rel}","templated":true}]}}