{"id":82765,"date":"2020-10-26T18:10:51","date_gmt":"2020-10-26T21:10:51","guid":{"rendered":"https:\/\/eldiariodesanpedro.com.ar\/sitio\/?p=82765"},"modified":"2020-10-26T18:10:52","modified_gmt":"2020-10-26T21:10:52","slug":"recuperaron-la-libertad-los-detenidos-por-el-asesinato-del-transportista-en-ruta-9","status":"publish","type":"post","link":"https:\/\/eldiariodesanpedro.com.ar\/sitio\/recuperaron-la-libertad-los-detenidos-por-el-asesinato-del-transportista-en-ruta-9\/","title":{"rendered":"Recuperaron la libertad los detenidos por el asesinato del transportista en ruta 9"},"content":{"rendered":"<!-- VideographyWP Plugin Message: Automatic video embedding prevented by plugin options. -->\n\n<p>En la jornada de este lunes liberaron a las dos personas que ten\u00edan detenidas por el asesinato del transportista ocurrido en el mes de septiembre en la ruta 9 a pocos metros del acceso a San Pedro atr\u00e1s por falta de m\u00e9ritos.<\/p>\n\n\n\n<p>En el d\u00eda de hoy recuperaron la libertad Diego Franco de 23 a\u00f1os y Rodrigo Rodr\u00edguez de 20 a\u00f1os quienes ya se encuentran en su domicilio de Rio Tala tras la liberaci\u00f3n otorgada por el Juez de Garant\u00edas, por lo que no dio lugar al pedido de la fiscala Viviani para mantener la prisi\u00f3n preventiva.<\/p>\n\n\n\n<p>El Juez se basa en que hasta el momento no se pudo encontrar ninguna prueba que relacione a estas dos personas con el hecho y solo existe un testimonio por parte de una persona que declara que los j\u00f3venes serian los culpables del asesinato. <\/p>\n","protected":false},"excerpt":{"rendered":"<p>En la jornada de este lunes liberaron a las dos personas que ten\u00edan detenidas por el asesinato del transportista ocurrido en el mes de septiembre en la ruta 9 a pocos metros del acceso a San Pedro atr\u00e1s por falta de m\u00e9ritos. En el d\u00eda de hoy recuperaron la libertad Diego Franco de 23 a\u00f1os [&hellip;]<\/p>\n","protected":false},"author":4,"featured_media":80853,"comment_status":"open","ping_status":"closed","sticky":false,"template":"","format":"standard","meta":{"om_disable_all_campaigns":false,"_jetpack_memberships_contains_paid_content":false,"footnotes":""},"categories":[50,2,103],"tags":[197,33,95,19],"class_list":["post-82765","post","type-post","status-publish","format-standard","has-post-thumbnail","hentry","category-destacadas","category-locales","category-policiales-locales","tag-buenos-aires","tag-locales","tag-policiales","tag-san-pedro"],"aioseo_notices":[],"gutentor_comment":0,"jetpack_featured_media_url":"https:\/\/eldiariodesanpedro.com.ar\/sitio\/wp-content\/uploads\/2020\/09\/119139848_1375350892674046_4156800839025848405_o-e1603746620836.jpg","jetpack_shortlink":"https:\/\/wp.me\/p6RhLt-lwV","jetpack_sharing_enabled":true,"_links":{"self":[{"href":"https:\/\/eldiariodesanpedro.com.ar\/sitio\/wp-json\/wp\/v2\/posts\/82765","targetHints":{"allow":["GET"]}}],"collection":[{"href":"https:\/\/eldiariodesanpedro.com.ar\/sitio\/wp-json\/wp\/v2\/posts"}],"about":[{"href":"https:\/\/eldiariodesanpedro.com.ar\/sitio\/wp-json\/wp\/v2\/types\/post"}],"author":[{"embeddable":true,"href":"https:\/\/eldiariodesanpedro.com.ar\/sitio\/wp-json\/wp\/v2\/users\/4"}],"replies":[{"embeddable":true,"href":"https:\/\/eldiariodesanpedro.com.ar\/sitio\/wp-json\/wp\/v2\/comments?post=82765"}],"version-history":[{"count":1,"href":"https:\/\/eldiariodesanpedro.com.ar\/sitio\/wp-json\/wp\/v2\/posts\/82765\/revisions"}],"predecessor-version":[{"id":82766,"href":"https:\/\/eldiariodesanpedro.com.ar\/sitio\/wp-json\/wp\/v2\/posts\/82765\/revisions\/82766"}],"wp:featuredmedia":[{"embeddable":true,"href":"https:\/\/eldiariodesanpedro.com.ar\/sitio\/wp-json\/wp\/v2\/media\/80853"}],"wp:attachment":[{"href":"https:\/\/eldiariodesanpedro.com.ar\/sitio\/wp-json\/wp\/v2\/media?parent=82765"}],"wp:term":[{"taxonomy":"category","embeddable":true,"href":"https:\/\/eldiariodesanpedro.com.ar\/sitio\/wp-json\/wp\/v2\/categories?post=82765"},{"taxonomy":"post_tag","embeddable":true,"href":"https:\/\/eldiariodesanpedro.com.ar\/sitio\/wp-json\/wp\/v2\/tags?post=82765"}],"curies":[{"name":"wp","href":"https:\/\/api.w.org\/{rel}","templated":true}]}}