{"id":82759,"date":"2020-10-26T17:46:55","date_gmt":"2020-10-26T20:46:55","guid":{"rendered":"https:\/\/eldiariodesanpedro.com.ar\/sitio\/?p=82759"},"modified":"2020-10-26T17:46:56","modified_gmt":"2020-10-26T20:46:56","slug":"nuevo-operativo-sanitario-de-la-armada-argentina-en-la-zona-de-islas","status":"publish","type":"post","link":"https:\/\/eldiariodesanpedro.com.ar\/sitio\/nuevo-operativo-sanitario-de-la-armada-argentina-en-la-zona-de-islas\/","title":{"rendered":"Nuevo operativo sanitario de la Armada Argentina en la zona de islas"},"content":{"rendered":"<!-- VideographyWP Plugin Message: Automatic video embedding prevented by plugin options. -->\n\n<p>En una conferencia de prensa realizada esta ma\u00f1ana en el Puerto local, el Capit\u00e1n de Fragata Ariel G\u00f3mez Mombello y el Secretario de Desarrollo Humano Walter S\u00e1nchez dieron detalles acerca del nuevo operativo de asistencia alimentaria y sanitaria que se implementar\u00e1 esta semana, recorriendo toda la zona de la ribera de San Pedro.<\/p>\n\n\n\n<p>Al igual que el despliegue llevado adelante hace algunas semanas, se van a estar entregando insumos y alimentos a los pobladores. En la jornada de hoy, desde el Puerto de nuestra ciudad hasta la localidad de Vuelta de Obligado, y luego hacia la zona de Los Lobos.<\/p>\n\n\n\n<p>Es importante brindar un agradecimiento muy especial al Club de Pescadores y N\u00e1utica de San Pedro quienes facilitaron el desembarco de las lanchas de la Armada. Valoramos el apoyo a las acciones que se han venido desplegando desde el gobierno local a trav\u00e9s de la Secretar\u00eda de Desarrollo Humano, Cruz Roja, Prefectura y diferentes colaboradores.<\/p>\n\n\n\n<figure class=\"wp-block-image size-large\"><img decoding=\"async\" width=\"1024\" height=\"717\" data-attachment-id=\"82762\" data-permalink=\"https:\/\/eldiariodesanpedro.com.ar\/sitio\/nuevo-operativo-sanitario-de-la-armada-argentina-en-la-zona-de-islas\/0-3-2\/\" data-orig-file=\"https:\/\/eldiariodesanpedro.com.ar\/sitio\/wp-content\/uploads\/2020\/10\/0-3-1-scaled.jpg\" data-orig-size=\"2560,1793\" data-comments-opened=\"1\" data-image-meta=\"{&quot;aperture&quot;:&quot;1.7&quot;,&quot;credit&quot;:&quot;&quot;,&quot;camera&quot;:&quot;SM-A750G&quot;,&quot;caption&quot;:&quot;&quot;,&quot;created_timestamp&quot;:&quot;1603703394&quot;,&quot;copyright&quot;:&quot;&quot;,&quot;focal_length&quot;:&quot;3.93&quot;,&quot;iso&quot;:&quot;40&quot;,&quot;shutter_speed&quot;:&quot;0.0008298755186722&quot;,&quot;title&quot;:&quot;&quot;,&quot;orientation&quot;:&quot;1&quot;}\" data-image-title=\"0 (3)\" data-image-description=\"\" data-image-caption=\"\" data-large-file=\"https:\/\/eldiariodesanpedro.com.ar\/sitio\/wp-content\/uploads\/2020\/10\/0-3-1-1024x717.jpg\" data-src=\"https:\/\/eldiariodesanpedro.com.ar\/sitio\/wp-content\/uploads\/2020\/10\/0-3-1-1024x717.jpg\" alt=\"\" class=\"wp-image-82762 lazyload\" data-srcset=\"https:\/\/eldiariodesanpedro.com.ar\/sitio\/wp-content\/uploads\/2020\/10\/0-3-1-1024x717.jpg 1024w, https:\/\/eldiariodesanpedro.com.ar\/sitio\/wp-content\/uploads\/2020\/10\/0-3-1-300x210.jpg 300w, https:\/\/eldiariodesanpedro.com.ar\/sitio\/wp-content\/uploads\/2020\/10\/0-3-1-768x538.jpg 768w, https:\/\/eldiariodesanpedro.com.ar\/sitio\/wp-content\/uploads\/2020\/10\/0-3-1-1536x1076.jpg 1536w, https:\/\/eldiariodesanpedro.com.ar\/sitio\/wp-content\/uploads\/2020\/10\/0-3-1-2048x1434.jpg 2048w\" data-sizes=\"(max-width: 1024px) 100vw, 1024px\" src=\"data:image\/svg+xml;base64,PHN2ZyB3aWR0aD0iMSIgaGVpZ2h0PSIxIiB4bWxucz0iaHR0cDovL3d3dy53My5vcmcvMjAwMC9zdmciPjwvc3ZnPg==\" style=\"--smush-placeholder-width: 1024px; --smush-placeholder-aspect-ratio: 1024\/717;\" \/><\/figure>\n\n\n\n<figure class=\"wp-block-image size-large\"><img decoding=\"async\" width=\"1024\" height=\"746\" data-attachment-id=\"82763\" data-permalink=\"https:\/\/eldiariodesanpedro.com.ar\/sitio\/nuevo-operativo-sanitario-de-la-armada-argentina-en-la-zona-de-islas\/4-8-2\/\" data-orig-file=\"https:\/\/eldiariodesanpedro.com.ar\/sitio\/wp-content\/uploads\/2020\/10\/4-8-scaled.jpg\" data-orig-size=\"2560,1866\" data-comments-opened=\"1\" data-image-meta=\"{&quot;aperture&quot;:&quot;2.4&quot;,&quot;credit&quot;:&quot;&quot;,&quot;camera&quot;:&quot;SM-A750G&quot;,&quot;caption&quot;:&quot;&quot;,&quot;created_timestamp&quot;:&quot;1603703591&quot;,&quot;copyright&quot;:&quot;&quot;,&quot;focal_length&quot;:&quot;1.87&quot;,&quot;iso&quot;:&quot;40&quot;,&quot;shutter_speed&quot;:&quot;0.0017953321364452&quot;,&quot;title&quot;:&quot;&quot;,&quot;orientation&quot;:&quot;1&quot;}\" data-image-title=\"4 (8)\" data-image-description=\"\" data-image-caption=\"\" data-large-file=\"https:\/\/eldiariodesanpedro.com.ar\/sitio\/wp-content\/uploads\/2020\/10\/4-8-1024x746.jpg\" data-src=\"https:\/\/eldiariodesanpedro.com.ar\/sitio\/wp-content\/uploads\/2020\/10\/4-8-1024x746.jpg\" alt=\"\" class=\"wp-image-82763 lazyload\" data-srcset=\"https:\/\/eldiariodesanpedro.com.ar\/sitio\/wp-content\/uploads\/2020\/10\/4-8-1024x746.jpg 1024w, https:\/\/eldiariodesanpedro.com.ar\/sitio\/wp-content\/uploads\/2020\/10\/4-8-300x219.jpg 300w, https:\/\/eldiariodesanpedro.com.ar\/sitio\/wp-content\/uploads\/2020\/10\/4-8-768x560.jpg 768w, https:\/\/eldiariodesanpedro.com.ar\/sitio\/wp-content\/uploads\/2020\/10\/4-8-1536x1119.jpg 1536w, https:\/\/eldiariodesanpedro.com.ar\/sitio\/wp-content\/uploads\/2020\/10\/4-8-2048x1493.jpg 2048w\" data-sizes=\"(max-width: 1024px) 100vw, 1024px\" src=\"data:image\/svg+xml;base64,PHN2ZyB3aWR0aD0iMSIgaGVpZ2h0PSIxIiB4bWxucz0iaHR0cDovL3d3dy53My5vcmcvMjAwMC9zdmciPjwvc3ZnPg==\" style=\"--smush-placeholder-width: 1024px; --smush-placeholder-aspect-ratio: 1024\/746;\" \/><\/figure>\n\n\n\n<figure class=\"wp-block-image size-large\"><img decoding=\"async\" width=\"1024\" height=\"768\" data-attachment-id=\"82761\" data-permalink=\"https:\/\/eldiariodesanpedro.com.ar\/sitio\/nuevo-operativo-sanitario-de-la-armada-argentina-en-la-zona-de-islas\/5-5-2\/\" data-orig-file=\"https:\/\/eldiariodesanpedro.com.ar\/sitio\/wp-content\/uploads\/2020\/10\/5-5-scaled.jpg\" data-orig-size=\"2560,1920\" data-comments-opened=\"1\" data-image-meta=\"{&quot;aperture&quot;:&quot;1.7&quot;,&quot;credit&quot;:&quot;&quot;,&quot;camera&quot;:&quot;SM-A750G&quot;,&quot;caption&quot;:&quot;&quot;,&quot;created_timestamp&quot;:&quot;1603701795&quot;,&quot;copyright&quot;:&quot;&quot;,&quot;focal_length&quot;:&quot;3.93&quot;,&quot;iso&quot;:&quot;40&quot;,&quot;shutter_speed&quot;:&quot;0.0012562814070352&quot;,&quot;title&quot;:&quot;&quot;,&quot;orientation&quot;:&quot;1&quot;}\" data-image-title=\"5 (5)\" data-image-description=\"\" data-image-caption=\"\" data-large-file=\"https:\/\/eldiariodesanpedro.com.ar\/sitio\/wp-content\/uploads\/2020\/10\/5-5-1024x768.jpg\" data-src=\"https:\/\/eldiariodesanpedro.com.ar\/sitio\/wp-content\/uploads\/2020\/10\/5-5-1024x768.jpg\" alt=\"\" class=\"wp-image-82761 lazyload\" data-srcset=\"https:\/\/eldiariodesanpedro.com.ar\/sitio\/wp-content\/uploads\/2020\/10\/5-5-1024x768.jpg 1024w, https:\/\/eldiariodesanpedro.com.ar\/sitio\/wp-content\/uploads\/2020\/10\/5-5-300x225.jpg 300w, https:\/\/eldiariodesanpedro.com.ar\/sitio\/wp-content\/uploads\/2020\/10\/5-5-768x576.jpg 768w, https:\/\/eldiariodesanpedro.com.ar\/sitio\/wp-content\/uploads\/2020\/10\/5-5-1536x1152.jpg 1536w, https:\/\/eldiariodesanpedro.com.ar\/sitio\/wp-content\/uploads\/2020\/10\/5-5-2048x1536.jpg 2048w, https:\/\/eldiariodesanpedro.com.ar\/sitio\/wp-content\/uploads\/2020\/10\/5-5-500x375.jpg 500w\" data-sizes=\"(max-width: 1024px) 100vw, 1024px\" src=\"data:image\/svg+xml;base64,PHN2ZyB3aWR0aD0iMSIgaGVpZ2h0PSIxIiB4bWxucz0iaHR0cDovL3d3dy53My5vcmcvMjAwMC9zdmciPjwvc3ZnPg==\" style=\"--smush-placeholder-width: 1024px; --smush-placeholder-aspect-ratio: 1024\/768;\" \/><\/figure>\n","protected":false},"excerpt":{"rendered":"<p>En una conferencia de prensa realizada esta ma\u00f1ana en el Puerto local, el Capit\u00e1n de Fragata Ariel G\u00f3mez Mombello y el Secretario de Desarrollo Humano Walter S\u00e1nchez dieron detalles acerca del nuevo operativo de asistencia alimentaria y sanitaria que se implementar\u00e1 esta semana, recorriendo toda la zona de la ribera de San Pedro. Al igual [&hellip;]<\/p>\n","protected":false},"author":4,"featured_media":82760,"comment_status":"open","ping_status":"closed","sticky":false,"template":"","format":"standard","meta":{"om_disable_all_campaigns":false,"_jetpack_memberships_contains_paid_content":false,"footnotes":""},"categories":[50,101,2],"tags":[197,696,33],"class_list":["post-82759","post","type-post","status-publish","format-standard","has-post-thumbnail","hentry","category-destacadas","category-interes-general-locales","category-locales","tag-buenos-aires","tag-interes-general","tag-locales"],"aioseo_notices":[],"gutentor_comment":0,"jetpack_featured_media_url":"https:\/\/eldiariodesanpedro.com.ar\/sitio\/wp-content\/uploads\/2020\/10\/6-3-scaled.jpg","jetpack_shortlink":"https:\/\/wp.me\/p6RhLt-lwP","jetpack_sharing_enabled":true,"_links":{"self":[{"href":"https:\/\/eldiariodesanpedro.com.ar\/sitio\/wp-json\/wp\/v2\/posts\/82759","targetHints":{"allow":["GET"]}}],"collection":[{"href":"https:\/\/eldiariodesanpedro.com.ar\/sitio\/wp-json\/wp\/v2\/posts"}],"about":[{"href":"https:\/\/eldiariodesanpedro.com.ar\/sitio\/wp-json\/wp\/v2\/types\/post"}],"author":[{"embeddable":true,"href":"https:\/\/eldiariodesanpedro.com.ar\/sitio\/wp-json\/wp\/v2\/users\/4"}],"replies":[{"embeddable":true,"href":"https:\/\/eldiariodesanpedro.com.ar\/sitio\/wp-json\/wp\/v2\/comments?post=82759"}],"version-history":[{"count":1,"href":"https:\/\/eldiariodesanpedro.com.ar\/sitio\/wp-json\/wp\/v2\/posts\/82759\/revisions"}],"predecessor-version":[{"id":82764,"href":"https:\/\/eldiariodesanpedro.com.ar\/sitio\/wp-json\/wp\/v2\/posts\/82759\/revisions\/82764"}],"wp:featuredmedia":[{"embeddable":true,"href":"https:\/\/eldiariodesanpedro.com.ar\/sitio\/wp-json\/wp\/v2\/media\/82760"}],"wp:attachment":[{"href":"https:\/\/eldiariodesanpedro.com.ar\/sitio\/wp-json\/wp\/v2\/media?parent=82759"}],"wp:term":[{"taxonomy":"category","embeddable":true,"href":"https:\/\/eldiariodesanpedro.com.ar\/sitio\/wp-json\/wp\/v2\/categories?post=82759"},{"taxonomy":"post_tag","embeddable":true,"href":"https:\/\/eldiariodesanpedro.com.ar\/sitio\/wp-json\/wp\/v2\/tags?post=82759"}],"curies":[{"name":"wp","href":"https:\/\/api.w.org\/{rel}","templated":true}]}}