{"id":82755,"date":"2020-10-26T12:16:01","date_gmt":"2020-10-26T15:16:01","guid":{"rendered":"https:\/\/eldiariodesanpedro.com.ar\/sitio\/?p=82755"},"modified":"2020-10-26T12:16:05","modified_gmt":"2020-10-26T15:16:05","slug":"dos-personas-se-resistieron-a-un-asalto-y-uno-de-ellos-recibio-un-corte-en-la-cara","status":"publish","type":"post","link":"https:\/\/eldiariodesanpedro.com.ar\/sitio\/dos-personas-se-resistieron-a-un-asalto-y-uno-de-ellos-recibio-un-corte-en-la-cara\/","title":{"rendered":"Dos personas se resistieron a un asalto y uno de ellos recibi\u00f3 un corte en la cara"},"content":{"rendered":"<!-- VideographyWP Plugin Message: Automatic video embedding prevented by plugin options. -->\n\n<p>Seg\u00fan informo el parte policial del d\u00eda de hoy, el pasado viernes una persona recibi\u00f3 un corte en la cara al resistirse a un asalto.<\/p>\n\n\n\n<p>En la noche del viernes en calle Belgrano entre Lavalle y Riobamba dos masculinos que transitaban caminando son sorprendidos por otro el cual tras exhibir arma blanca intenta cometer il\u00edcito trenzarse en lucha con ambos los cuales ofrecen resistencia resultando un masculino de 34 a\u00f1os lesionado en el rostro tras recibir un corte, resultando con heridas leves siendo trasladado por prevenci\u00f3n al hospital subzonal San Pedro.<\/p>\n\n\n\n<p>El masculino agresor emprendi\u00f3 fuga sin ser identificado.- Interviene fiscal\u00eda local<\/p>\n","protected":false},"excerpt":{"rendered":"<p>Seg\u00fan informo el parte policial del d\u00eda de hoy, el pasado viernes una persona recibi\u00f3 un corte en la cara al resistirse a un asalto. En la noche del viernes en calle Belgrano entre Lavalle y Riobamba dos masculinos que transitaban caminando son sorprendidos por otro el cual tras exhibir arma blanca intenta cometer il\u00edcito [&hellip;]<\/p>\n","protected":false},"author":4,"featured_media":77561,"comment_status":"open","ping_status":"closed","sticky":false,"template":"","format":"standard","meta":{"om_disable_all_campaigns":false,"_jetpack_memberships_contains_paid_content":false,"footnotes":""},"categories":[2,103],"tags":[197,33,95],"class_list":["post-82755","post","type-post","status-publish","format-standard","has-post-thumbnail","hentry","category-locales","category-policiales-locales","tag-buenos-aires","tag-locales","tag-policiales"],"aioseo_notices":[],"gutentor_comment":0,"jetpack_featured_media_url":"https:\/\/eldiariodesanpedro.com.ar\/sitio\/wp-content\/uploads\/2020\/07\/20200709072134.jpg","jetpack_shortlink":"https:\/\/wp.me\/p6RhLt-lwL","jetpack_sharing_enabled":true,"_links":{"self":[{"href":"https:\/\/eldiariodesanpedro.com.ar\/sitio\/wp-json\/wp\/v2\/posts\/82755","targetHints":{"allow":["GET"]}}],"collection":[{"href":"https:\/\/eldiariodesanpedro.com.ar\/sitio\/wp-json\/wp\/v2\/posts"}],"about":[{"href":"https:\/\/eldiariodesanpedro.com.ar\/sitio\/wp-json\/wp\/v2\/types\/post"}],"author":[{"embeddable":true,"href":"https:\/\/eldiariodesanpedro.com.ar\/sitio\/wp-json\/wp\/v2\/users\/4"}],"replies":[{"embeddable":true,"href":"https:\/\/eldiariodesanpedro.com.ar\/sitio\/wp-json\/wp\/v2\/comments?post=82755"}],"version-history":[{"count":1,"href":"https:\/\/eldiariodesanpedro.com.ar\/sitio\/wp-json\/wp\/v2\/posts\/82755\/revisions"}],"predecessor-version":[{"id":82756,"href":"https:\/\/eldiariodesanpedro.com.ar\/sitio\/wp-json\/wp\/v2\/posts\/82755\/revisions\/82756"}],"wp:featuredmedia":[{"embeddable":true,"href":"https:\/\/eldiariodesanpedro.com.ar\/sitio\/wp-json\/wp\/v2\/media\/77561"}],"wp:attachment":[{"href":"https:\/\/eldiariodesanpedro.com.ar\/sitio\/wp-json\/wp\/v2\/media?parent=82755"}],"wp:term":[{"taxonomy":"category","embeddable":true,"href":"https:\/\/eldiariodesanpedro.com.ar\/sitio\/wp-json\/wp\/v2\/categories?post=82755"},{"taxonomy":"post_tag","embeddable":true,"href":"https:\/\/eldiariodesanpedro.com.ar\/sitio\/wp-json\/wp\/v2\/tags?post=82755"}],"curies":[{"name":"wp","href":"https:\/\/api.w.org\/{rel}","templated":true}]}}