{"id":82751,"date":"2020-10-26T12:04:10","date_gmt":"2020-10-26T15:04:10","guid":{"rendered":"https:\/\/eldiariodesanpedro.com.ar\/sitio\/?p=82751"},"modified":"2020-10-26T12:04:11","modified_gmt":"2020-10-26T15:04:11","slug":"un-joven-aprehendido-por-pelearse-con-su-hermana-por-un-terreno","status":"publish","type":"post","link":"https:\/\/eldiariodesanpedro.com.ar\/sitio\/un-joven-aprehendido-por-pelearse-con-su-hermana-por-un-terreno\/","title":{"rendered":"Un joven aprehendido por pelearse con su hermana por un terreno"},"content":{"rendered":"<!-- VideographyWP Plugin Message: Automatic video embedding prevented by plugin options. -->\n\n<p>Durante las jornada de fin de semana se recibieron diferentes denuncias de amenazas en la comisar\u00eda local de las cuales las m\u00e1s importantes fueron dos donde dos personas fueron aprehendidas.<\/p>\n\n\n\n<p>En la madrugada del d\u00eda s\u00e1bado la polic\u00eda aprehendi\u00f3 en calle\u00a0 Bozzano al 1600 un masculino\u00a0 de 28 a\u00f1os tras conflicto familiar profiriendo amenazas\u00a0 a una femenina de 43 a\u00f1os que resulta su hermana.\u00a0Problemas de larga data por delimitaci\u00f3n de terreno que ambos ocupan y poseen sus respectivas viviendas. Intervino la fiscal\u00eda en turno local, y el aprehendido en la ma\u00f1ana del mismo d\u00eda recuper\u00f3 libertad.<\/p>\n\n\n\n<p>Tambi\u00e9n el mismo s\u00e1bado en horas de la tarde personal esta dependencia tras llamados al 911 emergencias se desplaz\u00f3 hasta barrio Los Aromitos mas precisamente calle Gomila al 200 lugar donde hab\u00eda una confrontaci\u00f3n vecinal.\u00a0Constituidos en el lugar proceden a la aprehensi\u00f3n de un masculino de 39 a\u00f1os de edad quien momentos antes profiri\u00f3 amenazas con arma blanca a vecino. El agresor permaneci\u00f3 alojado en sede policial y posterior libertad.<\/p>\n","protected":false},"excerpt":{"rendered":"<p>Durante las jornada de fin de semana se recibieron diferentes denuncias de amenazas en la comisar\u00eda local de las cuales las m\u00e1s importantes fueron dos donde dos personas fueron aprehendidas. En la madrugada del d\u00eda s\u00e1bado la polic\u00eda aprehendi\u00f3 en calle\u00a0 Bozzano al 1600 un masculino\u00a0 de 28 a\u00f1os tras conflicto familiar profiriendo amenazas\u00a0 a [&hellip;]<\/p>\n","protected":false},"author":4,"featured_media":78843,"comment_status":"open","ping_status":"closed","sticky":false,"template":"","format":"standard","meta":{"om_disable_all_campaigns":false,"_jetpack_memberships_contains_paid_content":false,"footnotes":""},"categories":[2,103],"tags":[197,33,95],"class_list":["post-82751","post","type-post","status-publish","format-standard","has-post-thumbnail","hentry","category-locales","category-policiales-locales","tag-buenos-aires","tag-locales","tag-policiales"],"aioseo_notices":[],"gutentor_comment":0,"jetpack_featured_media_url":"https:\/\/eldiariodesanpedro.com.ar\/sitio\/wp-content\/uploads\/2020\/08\/0.jpg","jetpack_shortlink":"https:\/\/wp.me\/p6RhLt-lwH","jetpack_sharing_enabled":true,"_links":{"self":[{"href":"https:\/\/eldiariodesanpedro.com.ar\/sitio\/wp-json\/wp\/v2\/posts\/82751","targetHints":{"allow":["GET"]}}],"collection":[{"href":"https:\/\/eldiariodesanpedro.com.ar\/sitio\/wp-json\/wp\/v2\/posts"}],"about":[{"href":"https:\/\/eldiariodesanpedro.com.ar\/sitio\/wp-json\/wp\/v2\/types\/post"}],"author":[{"embeddable":true,"href":"https:\/\/eldiariodesanpedro.com.ar\/sitio\/wp-json\/wp\/v2\/users\/4"}],"replies":[{"embeddable":true,"href":"https:\/\/eldiariodesanpedro.com.ar\/sitio\/wp-json\/wp\/v2\/comments?post=82751"}],"version-history":[{"count":1,"href":"https:\/\/eldiariodesanpedro.com.ar\/sitio\/wp-json\/wp\/v2\/posts\/82751\/revisions"}],"predecessor-version":[{"id":82752,"href":"https:\/\/eldiariodesanpedro.com.ar\/sitio\/wp-json\/wp\/v2\/posts\/82751\/revisions\/82752"}],"wp:featuredmedia":[{"embeddable":true,"href":"https:\/\/eldiariodesanpedro.com.ar\/sitio\/wp-json\/wp\/v2\/media\/78843"}],"wp:attachment":[{"href":"https:\/\/eldiariodesanpedro.com.ar\/sitio\/wp-json\/wp\/v2\/media?parent=82751"}],"wp:term":[{"taxonomy":"category","embeddable":true,"href":"https:\/\/eldiariodesanpedro.com.ar\/sitio\/wp-json\/wp\/v2\/categories?post=82751"},{"taxonomy":"post_tag","embeddable":true,"href":"https:\/\/eldiariodesanpedro.com.ar\/sitio\/wp-json\/wp\/v2\/tags?post=82751"}],"curies":[{"name":"wp","href":"https:\/\/api.w.org\/{rel}","templated":true}]}}