{"id":82749,"date":"2020-10-26T11:57:15","date_gmt":"2020-10-26T14:57:15","guid":{"rendered":"https:\/\/eldiariodesanpedro.com.ar\/sitio\/?p=82749"},"modified":"2020-10-26T18:16:46","modified_gmt":"2020-10-26T21:16:46","slug":"dos-nuevos-fallecimientos-por-coronavirus-una-mujer-de-71-anos-y-un-hombre-de-88-anos","status":"publish","type":"post","link":"https:\/\/eldiariodesanpedro.com.ar\/sitio\/dos-nuevos-fallecimientos-por-coronavirus-una-mujer-de-71-anos-y-un-hombre-de-88-anos\/","title":{"rendered":"Dos nuevos fallecimientos por coronavirus, un hombre  de 71 a\u00f1os y otro de 88 a\u00f1os"},"content":{"rendered":"<!-- VideographyWP Plugin Message: Automatic video embedding prevented by plugin options. -->\n\n<p>La Secretar\u00eda de Salud de la Municipalidad de San Pedro comunica dos nuevos fallecimientos enmarcados en la Pandemia de Covid-19 en San Pedro lo que hace un total de 49 victimas fatales por la enfermedad en San Pedro desde el inicio de la pandemia.<\/p>\n\n\n\n<p>El Sr. Carlos Correa de 88 a\u00f1os, falleci\u00f3 el s\u00e1bado 24 en el Hospital Emilio Ruffa y su resultado positivo lleg\u00f3 en las \u00faltimas horas.<\/p>\n\n\n\n<p>El Sr. Isidoro Silva de 71 a\u00f1os, se encontraba internado en la UTI del Hospital desde el 5\/10 con un caso positivo de Covid-19 y falleci\u00f3 en el d\u00eda de hoy.<\/p>\n\n\n\n<p>Con estos dos casos, el total de fallecimientos desde el inicio de la Pandemia es de 49 personas.<\/p>\n\n\n\n<p>Hacemos llegar nuestro acompa\u00f1amiento y condolencias a familiares y seres queridos de estos vecinos de San Pedro.<\/p>\n","protected":false},"excerpt":{"rendered":"<p>La Secretar\u00eda de Salud de la Municipalidad de San Pedro comunica dos nuevos fallecimientos enmarcados en la Pandemia de Covid-19 en San Pedro lo que hace un total de 49 victimas fatales por la enfermedad en San Pedro desde el inicio de la pandemia. El Sr. Carlos Correa de 88 a\u00f1os, falleci\u00f3 el s\u00e1bado 24 [&hellip;]<\/p>\n","protected":false},"author":4,"featured_media":77464,"comment_status":"open","ping_status":"closed","sticky":false,"template":"","format":"standard","meta":{"om_disable_all_campaigns":false,"_jetpack_memberships_contains_paid_content":false,"footnotes":""},"categories":[50,101,2],"tags":[197,696,33],"class_list":["post-82749","post","type-post","status-publish","format-standard","has-post-thumbnail","hentry","category-destacadas","category-interes-general-locales","category-locales","tag-buenos-aires","tag-interes-general","tag-locales"],"aioseo_notices":[],"gutentor_comment":0,"jetpack_featured_media_url":"https:\/\/eldiariodesanpedro.com.ar\/sitio\/wp-content\/uploads\/2020\/07\/5e87e1dede692.jpeg","jetpack_shortlink":"https:\/\/wp.me\/p6RhLt-lwF","jetpack_sharing_enabled":true,"_links":{"self":[{"href":"https:\/\/eldiariodesanpedro.com.ar\/sitio\/wp-json\/wp\/v2\/posts\/82749","targetHints":{"allow":["GET"]}}],"collection":[{"href":"https:\/\/eldiariodesanpedro.com.ar\/sitio\/wp-json\/wp\/v2\/posts"}],"about":[{"href":"https:\/\/eldiariodesanpedro.com.ar\/sitio\/wp-json\/wp\/v2\/types\/post"}],"author":[{"embeddable":true,"href":"https:\/\/eldiariodesanpedro.com.ar\/sitio\/wp-json\/wp\/v2\/users\/4"}],"replies":[{"embeddable":true,"href":"https:\/\/eldiariodesanpedro.com.ar\/sitio\/wp-json\/wp\/v2\/comments?post=82749"}],"version-history":[{"count":2,"href":"https:\/\/eldiariodesanpedro.com.ar\/sitio\/wp-json\/wp\/v2\/posts\/82749\/revisions"}],"predecessor-version":[{"id":82768,"href":"https:\/\/eldiariodesanpedro.com.ar\/sitio\/wp-json\/wp\/v2\/posts\/82749\/revisions\/82768"}],"wp:featuredmedia":[{"embeddable":true,"href":"https:\/\/eldiariodesanpedro.com.ar\/sitio\/wp-json\/wp\/v2\/media\/77464"}],"wp:attachment":[{"href":"https:\/\/eldiariodesanpedro.com.ar\/sitio\/wp-json\/wp\/v2\/media?parent=82749"}],"wp:term":[{"taxonomy":"category","embeddable":true,"href":"https:\/\/eldiariodesanpedro.com.ar\/sitio\/wp-json\/wp\/v2\/categories?post=82749"},{"taxonomy":"post_tag","embeddable":true,"href":"https:\/\/eldiariodesanpedro.com.ar\/sitio\/wp-json\/wp\/v2\/tags?post=82749"}],"curies":[{"name":"wp","href":"https:\/\/api.w.org\/{rel}","templated":true}]}}