{"id":82730,"date":"2020-10-26T11:12:41","date_gmt":"2020-10-26T14:12:41","guid":{"rendered":"https:\/\/eldiariodesanpedro.com.ar\/sitio\/?p=82730"},"modified":"2020-10-26T11:12:49","modified_gmt":"2020-10-26T14:12:49","slug":"se-secuestro-un-automovil-que-fue-robado-en-2019","status":"publish","type":"post","link":"https:\/\/eldiariodesanpedro.com.ar\/sitio\/se-secuestro-un-automovil-que-fue-robado-en-2019\/","title":{"rendered":"Se secuestr\u00f3 un autom\u00f3vil que fue robado en 2019"},"content":{"rendered":"<!-- VideographyWP Plugin Message: Automatic video embedding prevented by plugin options. -->\n\n<p>En\u00a0 la noche del viernes polic\u00eda de la Comisar\u00eda en calle Sarmiento y Boulevard Paran\u00e1 en el marco de distintos operativos procedi\u00f3 al secuestro de un autom\u00f3vil Volkswagen Polo que registra pedido de secuestro activo por hecho de hurto automotor a\u00f1o 2019 a requerimiento de la Justicia de La Plata. <\/p>\n\n\n\n<p>Respecto del conductor y tenedor del rodado un masculino de 26 a\u00f1os fue trasladado a sede policial fines cumplimentar recaudos legales. <\/p>\n\n\n\n<p>En poder del mismo se secuestr\u00f3 un recipiente de pl\u00e1stico con picadura de sustancia Marihuana.\u00a0Se labran actuaciones con intervenci\u00f3n de la Fiscal\u00eda local.<\/p>\n\n\n\n<figure class=\"wp-block-image size-large\"><img decoding=\"async\" width=\"750\" height=\"1000\" data-attachment-id=\"82732\" data-permalink=\"https:\/\/eldiariodesanpedro.com.ar\/sitio\/se-secuestro-un-automovil-que-fue-robado-en-2019\/whatsapp-image-2020-10-26-at-11-07-23\/\" data-orig-file=\"https:\/\/eldiariodesanpedro.com.ar\/sitio\/wp-content\/uploads\/2020\/10\/WhatsApp-Image-2020-10-26-at-11.07.23.jpeg\" data-orig-size=\"750,1000\" data-comments-opened=\"1\" data-image-meta=\"{&quot;aperture&quot;:&quot;0&quot;,&quot;credit&quot;:&quot;&quot;,&quot;camera&quot;:&quot;&quot;,&quot;caption&quot;:&quot;&quot;,&quot;created_timestamp&quot;:&quot;0&quot;,&quot;copyright&quot;:&quot;&quot;,&quot;focal_length&quot;:&quot;0&quot;,&quot;iso&quot;:&quot;0&quot;,&quot;shutter_speed&quot;:&quot;0&quot;,&quot;title&quot;:&quot;&quot;,&quot;orientation&quot;:&quot;0&quot;}\" data-image-title=\"WhatsApp Image 2020-10-26 at 11.07.23\" data-image-description=\"\" data-image-caption=\"\" data-large-file=\"https:\/\/eldiariodesanpedro.com.ar\/sitio\/wp-content\/uploads\/2020\/10\/WhatsApp-Image-2020-10-26-at-11.07.23.jpeg\" data-src=\"https:\/\/eldiariodesanpedro.com.ar\/sitio\/wp-content\/uploads\/2020\/10\/WhatsApp-Image-2020-10-26-at-11.07.23.jpeg\" alt=\"\" class=\"wp-image-82732 lazyload\" data-srcset=\"https:\/\/eldiariodesanpedro.com.ar\/sitio\/wp-content\/uploads\/2020\/10\/WhatsApp-Image-2020-10-26-at-11.07.23.jpeg 750w, https:\/\/eldiariodesanpedro.com.ar\/sitio\/wp-content\/uploads\/2020\/10\/WhatsApp-Image-2020-10-26-at-11.07.23-225x300.jpeg 225w\" data-sizes=\"(max-width: 750px) 100vw, 750px\" src=\"data:image\/svg+xml;base64,PHN2ZyB3aWR0aD0iMSIgaGVpZ2h0PSIxIiB4bWxucz0iaHR0cDovL3d3dy53My5vcmcvMjAwMC9zdmciPjwvc3ZnPg==\" style=\"--smush-placeholder-width: 750px; --smush-placeholder-aspect-ratio: 750\/1000;\" \/><\/figure>\n","protected":false},"excerpt":{"rendered":"<p>En\u00a0 la noche del viernes polic\u00eda de la Comisar\u00eda en calle Sarmiento y Boulevard Paran\u00e1 en el marco de distintos operativos procedi\u00f3 al secuestro de un autom\u00f3vil Volkswagen Polo que registra pedido de secuestro activo por hecho de hurto automotor a\u00f1o 2019 a requerimiento de la Justicia de La Plata. Respecto del conductor y tenedor [&hellip;]<\/p>\n","protected":false},"author":4,"featured_media":82731,"comment_status":"open","ping_status":"closed","sticky":false,"template":"","format":"standard","meta":{"om_disable_all_campaigns":false,"_jetpack_memberships_contains_paid_content":false,"footnotes":""},"categories":[2,103],"tags":[197,33,95],"class_list":["post-82730","post","type-post","status-publish","format-standard","has-post-thumbnail","hentry","category-locales","category-policiales-locales","tag-buenos-aires","tag-locales","tag-policiales"],"aioseo_notices":[],"gutentor_comment":0,"jetpack_featured_media_url":"https:\/\/eldiariodesanpedro.com.ar\/sitio\/wp-content\/uploads\/2020\/10\/WhatsApp-Image-2020-10-26-at-11.07.22.jpeg","jetpack_shortlink":"https:\/\/wp.me\/p6RhLt-lwm","jetpack_sharing_enabled":true,"_links":{"self":[{"href":"https:\/\/eldiariodesanpedro.com.ar\/sitio\/wp-json\/wp\/v2\/posts\/82730","targetHints":{"allow":["GET"]}}],"collection":[{"href":"https:\/\/eldiariodesanpedro.com.ar\/sitio\/wp-json\/wp\/v2\/posts"}],"about":[{"href":"https:\/\/eldiariodesanpedro.com.ar\/sitio\/wp-json\/wp\/v2\/types\/post"}],"author":[{"embeddable":true,"href":"https:\/\/eldiariodesanpedro.com.ar\/sitio\/wp-json\/wp\/v2\/users\/4"}],"replies":[{"embeddable":true,"href":"https:\/\/eldiariodesanpedro.com.ar\/sitio\/wp-json\/wp\/v2\/comments?post=82730"}],"version-history":[{"count":1,"href":"https:\/\/eldiariodesanpedro.com.ar\/sitio\/wp-json\/wp\/v2\/posts\/82730\/revisions"}],"predecessor-version":[{"id":82733,"href":"https:\/\/eldiariodesanpedro.com.ar\/sitio\/wp-json\/wp\/v2\/posts\/82730\/revisions\/82733"}],"wp:featuredmedia":[{"embeddable":true,"href":"https:\/\/eldiariodesanpedro.com.ar\/sitio\/wp-json\/wp\/v2\/media\/82731"}],"wp:attachment":[{"href":"https:\/\/eldiariodesanpedro.com.ar\/sitio\/wp-json\/wp\/v2\/media?parent=82730"}],"wp:term":[{"taxonomy":"category","embeddable":true,"href":"https:\/\/eldiariodesanpedro.com.ar\/sitio\/wp-json\/wp\/v2\/categories?post=82730"},{"taxonomy":"post_tag","embeddable":true,"href":"https:\/\/eldiariodesanpedro.com.ar\/sitio\/wp-json\/wp\/v2\/tags?post=82730"}],"curies":[{"name":"wp","href":"https:\/\/api.w.org\/{rel}","templated":true}]}}