{"id":82728,"date":"2020-10-26T11:06:07","date_gmt":"2020-10-26T14:06:07","guid":{"rendered":"https:\/\/eldiariodesanpedro.com.ar\/sitio\/?p=82728"},"modified":"2020-10-26T11:06:08","modified_gmt":"2020-10-26T14:06:08","slug":"dos-intervenciones-de-bomberos-voluntarios-en-el-fin-de-semana","status":"publish","type":"post","link":"https:\/\/eldiariodesanpedro.com.ar\/sitio\/dos-intervenciones-de-bomberos-voluntarios-en-el-fin-de-semana\/","title":{"rendered":"Dos intervenciones de Bomberos Voluntarios en el fin de semana"},"content":{"rendered":"<!-- VideographyWP Plugin Message: Automatic video embedding prevented by plugin options. -->\n\n<p>Durante el fin de semana los bomberos de nuestra ciudad tuvieron dos intervenciones por incendios.<\/p>\n\n\n\n<p>En primer lugar el hecho ocurri\u00f3 en un galp\u00f3n en inmediaciones de calle Caron\u00ed y Pellegrini donde funciona taller mec\u00e1nico donde por causas se tratan de establecer una camioneta tipo pick up que se hallaba en zona de patio para reparaci\u00f3n comenz\u00f3 el foco \u00edgneo con p\u00e9rdidas parciales.&nbsp;<\/p>\n\n\n\n<p>En el lugar trabajaron bomberos voluntarios locales para sofocar el fuego. Se solicitaron pericias a Bomberos de polic\u00eda a fin de determinar fehacientemente si se trat\u00f3 de un accidente o intencionalidad . <strong>&nbsp;<\/strong><\/p>\n\n\n\n<p>Por su parte, el d\u00eda domingo una dotaci\u00f3n de bomberos voluntarios se desplaz\u00f3 hasta calle San Lorenzo al 900 a ra\u00edz de toma de conocimiento por parte de personal de Bomberos de incendio en morada.<\/p>\n\n\n\n<p>Constituidos en el lugar se constat\u00f3 incendio parcial en habitaci\u00f3n tras rotura de vidrio de habitaci\u00f3n, siendo sofocado fuego, no habiendo lesionados ni personas asistidas por personal de la salud debido a que los moradores no se hallaban en la vivienda.<\/p>\n\n\n\n<p>De manera posterior se toma conocimiento por personal de la Comisar\u00eda de la mujer y la familia tras declaraciones de femenina de 28 a\u00f1os conviviente en el lugar junto a sus hijos menores que sospecha de su ex pareja de la cual hab\u00eda recibido amenazas v\u00eda telef\u00f3nica.<\/p>\n","protected":false},"excerpt":{"rendered":"<p>Durante el fin de semana los bomberos de nuestra ciudad tuvieron dos intervenciones por incendios. En primer lugar el hecho ocurri\u00f3 en un galp\u00f3n en inmediaciones de calle Caron\u00ed y Pellegrini donde funciona taller mec\u00e1nico donde por causas se tratan de establecer una camioneta tipo pick up que se hallaba en zona de patio para [&hellip;]<\/p>\n","protected":false},"author":4,"featured_media":74624,"comment_status":"open","ping_status":"closed","sticky":false,"template":"","format":"standard","meta":{"om_disable_all_campaigns":false,"_jetpack_memberships_contains_paid_content":false,"footnotes":""},"categories":[2,103],"tags":[197,33,95],"class_list":["post-82728","post","type-post","status-publish","format-standard","has-post-thumbnail","hentry","category-locales","category-policiales-locales","tag-buenos-aires","tag-locales","tag-policiales"],"aioseo_notices":[],"gutentor_comment":0,"jetpack_featured_media_url":"https:\/\/eldiariodesanpedro.com.ar\/sitio\/wp-content\/uploads\/2020\/05\/DSC_0288_1.jpg","jetpack_shortlink":"https:\/\/wp.me\/p6RhLt-lwk","jetpack_sharing_enabled":true,"_links":{"self":[{"href":"https:\/\/eldiariodesanpedro.com.ar\/sitio\/wp-json\/wp\/v2\/posts\/82728","targetHints":{"allow":["GET"]}}],"collection":[{"href":"https:\/\/eldiariodesanpedro.com.ar\/sitio\/wp-json\/wp\/v2\/posts"}],"about":[{"href":"https:\/\/eldiariodesanpedro.com.ar\/sitio\/wp-json\/wp\/v2\/types\/post"}],"author":[{"embeddable":true,"href":"https:\/\/eldiariodesanpedro.com.ar\/sitio\/wp-json\/wp\/v2\/users\/4"}],"replies":[{"embeddable":true,"href":"https:\/\/eldiariodesanpedro.com.ar\/sitio\/wp-json\/wp\/v2\/comments?post=82728"}],"version-history":[{"count":1,"href":"https:\/\/eldiariodesanpedro.com.ar\/sitio\/wp-json\/wp\/v2\/posts\/82728\/revisions"}],"predecessor-version":[{"id":82729,"href":"https:\/\/eldiariodesanpedro.com.ar\/sitio\/wp-json\/wp\/v2\/posts\/82728\/revisions\/82729"}],"wp:featuredmedia":[{"embeddable":true,"href":"https:\/\/eldiariodesanpedro.com.ar\/sitio\/wp-json\/wp\/v2\/media\/74624"}],"wp:attachment":[{"href":"https:\/\/eldiariodesanpedro.com.ar\/sitio\/wp-json\/wp\/v2\/media?parent=82728"}],"wp:term":[{"taxonomy":"category","embeddable":true,"href":"https:\/\/eldiariodesanpedro.com.ar\/sitio\/wp-json\/wp\/v2\/categories?post=82728"},{"taxonomy":"post_tag","embeddable":true,"href":"https:\/\/eldiariodesanpedro.com.ar\/sitio\/wp-json\/wp\/v2\/tags?post=82728"}],"curies":[{"name":"wp","href":"https:\/\/api.w.org\/{rel}","templated":true}]}}