{"id":82720,"date":"2020-10-26T09:55:44","date_gmt":"2020-10-26T12:55:44","guid":{"rendered":"https:\/\/eldiariodesanpedro.com.ar\/sitio\/?p=82720"},"modified":"2020-10-26T09:55:47","modified_gmt":"2020-10-26T12:55:47","slug":"el-centro-de-comercios-cumple-87-anos","status":"publish","type":"post","link":"https:\/\/eldiariodesanpedro.com.ar\/sitio\/el-centro-de-comercios-cumple-87-anos\/","title":{"rendered":"El Centro de Comercios cumple 87 a\u00f1os"},"content":{"rendered":"<!-- VideographyWP Plugin Message: Automatic video embedding prevented by plugin options. -->\n\n<p>Ellos fueron quienes abrieron el camino, seguramente con la misma vocaci\u00f3n de servicio que hoy nos agrupa a comerciantes y empresarios sampedrinos que elegimos voluntariamente ser parte de un espacio en el que no siempre es posible canalizar las expectativas de quienes se esfuerzan diariamente por llevar adelante sus emprendimientos.<\/p>\n\n\n\n<p>Son tiempos muy dif\u00edciles y las perspectivas siguen siendo complejas porque una vez m\u00e1s nuestro pa\u00eds, y especialmente nuestra ciudad, debe intentar levantarse con la coyuntura que caracteriza a nuestra econom\u00eda, agravada por la Pandemia.<\/p>\n\n\n\n<p>El Acta de Constituci\u00f3n del Centro de Comercio e Industria de San Pedro recuerda que a los 26 d\u00edas de Octubre de 1933 un grupo de vecinos con apellidos que son fundacionales de nuestro pueblo se reunieron en la Sociedad Italiana para \u00abformar una nueva entidad que tenga a su cargo la defensa de los intereses del Comercio y de la Industria en general, y que adem\u00e1s vele y cuide las cuestiones que puedan afectar el progreso y bienestar de todos los asociados y de los habitantes de la ciudad de San Pedro, tomando parte activa en todas las cuestiones que directa o indirectamente afecten el desarrollo y bienestar del Comercio y de la Industria, haciendo conocer a las autoridades toda iniciativa o estudio que el Centro crea conveniente, propulsando el progreso local.\u00bb<\/p>\n\n\n\n<p>El objetivo sigue siendo el mismo al que sumamos en los tiempos actuales al sector del turismo y para lograrlo necesitamos recrear aquel entusiasmo y el compromiso de todos.<\/p>\n\n\n\n<p>Aprovechamos esta oportunidad para agradecer y felicitar a todos los sectores que representamos por el compromiso y la responsabilidad con la que el comercio, industria y turismo est\u00e1 actuando frente al Covid 19, cumpliendo y respetando las normas y protocolos que ayudan a evitar un mayor avance de la enfermedad.<\/p>\n\n\n\n<p><strong>Feliz aniversario<\/strong><br>Comisi\u00f3n Directiva<br>Centro de Comercio, Industria y Turismo de San Pedro<\/p>\n","protected":false},"excerpt":{"rendered":"<p>Ellos fueron quienes abrieron el camino, seguramente con la misma vocaci\u00f3n de servicio que hoy nos agrupa a comerciantes y empresarios sampedrinos que elegimos voluntariamente ser parte de un espacio en el que no siempre es posible canalizar las expectativas de quienes se esfuerzan diariamente por llevar adelante sus emprendimientos. Son tiempos muy dif\u00edciles y [&hellip;]<\/p>\n","protected":false},"author":4,"featured_media":82721,"comment_status":"open","ping_status":"closed","sticky":false,"template":"","format":"standard","meta":{"om_disable_all_campaigns":false,"_jetpack_memberships_contains_paid_content":false,"footnotes":""},"categories":[101,2],"tags":[197,696,33],"class_list":["post-82720","post","type-post","status-publish","format-standard","has-post-thumbnail","hentry","category-interes-general-locales","category-locales","tag-buenos-aires","tag-interes-general","tag-locales"],"aioseo_notices":[],"gutentor_comment":0,"jetpack_featured_media_url":"https:\/\/eldiariodesanpedro.com.ar\/sitio\/wp-content\/uploads\/2020\/10\/unnamed-1-2.jpg","jetpack_shortlink":"https:\/\/wp.me\/p6RhLt-lwc","jetpack_sharing_enabled":true,"_links":{"self":[{"href":"https:\/\/eldiariodesanpedro.com.ar\/sitio\/wp-json\/wp\/v2\/posts\/82720","targetHints":{"allow":["GET"]}}],"collection":[{"href":"https:\/\/eldiariodesanpedro.com.ar\/sitio\/wp-json\/wp\/v2\/posts"}],"about":[{"href":"https:\/\/eldiariodesanpedro.com.ar\/sitio\/wp-json\/wp\/v2\/types\/post"}],"author":[{"embeddable":true,"href":"https:\/\/eldiariodesanpedro.com.ar\/sitio\/wp-json\/wp\/v2\/users\/4"}],"replies":[{"embeddable":true,"href":"https:\/\/eldiariodesanpedro.com.ar\/sitio\/wp-json\/wp\/v2\/comments?post=82720"}],"version-history":[{"count":1,"href":"https:\/\/eldiariodesanpedro.com.ar\/sitio\/wp-json\/wp\/v2\/posts\/82720\/revisions"}],"predecessor-version":[{"id":82722,"href":"https:\/\/eldiariodesanpedro.com.ar\/sitio\/wp-json\/wp\/v2\/posts\/82720\/revisions\/82722"}],"wp:featuredmedia":[{"embeddable":true,"href":"https:\/\/eldiariodesanpedro.com.ar\/sitio\/wp-json\/wp\/v2\/media\/82721"}],"wp:attachment":[{"href":"https:\/\/eldiariodesanpedro.com.ar\/sitio\/wp-json\/wp\/v2\/media?parent=82720"}],"wp:term":[{"taxonomy":"category","embeddable":true,"href":"https:\/\/eldiariodesanpedro.com.ar\/sitio\/wp-json\/wp\/v2\/categories?post=82720"},{"taxonomy":"post_tag","embeddable":true,"href":"https:\/\/eldiariodesanpedro.com.ar\/sitio\/wp-json\/wp\/v2\/tags?post=82720"}],"curies":[{"name":"wp","href":"https:\/\/api.w.org\/{rel}","templated":true}]}}