{"id":82717,"date":"2020-10-26T09:52:21","date_gmt":"2020-10-26T12:52:21","guid":{"rendered":"https:\/\/eldiariodesanpedro.com.ar\/sitio\/?p=82717"},"modified":"2020-10-26T09:52:24","modified_gmt":"2020-10-26T12:52:24","slug":"tc-mouras-morro-iglesias-ingreso-a-la-copa-de-oro","status":"publish","type":"post","link":"https:\/\/eldiariodesanpedro.com.ar\/sitio\/tc-mouras-morro-iglesias-ingreso-a-la-copa-de-oro\/","title":{"rendered":"TC Mouras: \u00abMorro\u00bb Iglesias ingres\u00f3 a la Copa de Oro"},"content":{"rendered":"<!-- VideographyWP Plugin Message: Automatic video embedding prevented by plugin options. -->\n\n<p>En la doble fecha del fin de semana el piloto sampedrino no la tuvo f\u00e1cil pero supo resolverla y meterse en la definici\u00f3n del campeonato. El s\u00e1bado fue 12do. el s\u00e1bado y el domingo 13ro.<\/p>\n\n\n\n<p>Era un fin de semana de definiciones y Fernando \u00abMorro\u00bb Iglesias deb\u00eda sumar los puntos necesarios que le permitieran ingresar a la Copa de Oro del TC Mouras.\u00a0<\/p>\n\n\n\n<p>Como de costumbre la pele\u00f3, luch\u00f3 y con varios pasajes adversos logr\u00f3 el objetivo de meterse entre los mejores 12 del campeonato y clasificarse a la Copa de Oro que definir\u00e1 el t\u00edtulo de la categor\u00eda.<\/p>\n\n\n\n<p>\u00abMorro\u00bb fue sorteando diferentes escollos que le fueron apareciendo en la doble fecha corrida en el Mouras de La Plata hasta lograr clasificar 12do. en la final del s\u00e1bado 13ro. en la del domingo. Largando desde atr\u00e1s pero atento a todo lo que suced\u00eda adelante fue&nbsp;escalando&nbsp;posiciones y para llegar a meterse en la pr\u00f3xima etapa del certamen.<\/p>\n\n\n\n<p>Fue muy valioso lo del sampedrino ya que el auto no respondi\u00f3 como esperaba pero as\u00ed y todo mantuvo el optimismo que lo llev\u00f3, otra vez, a meterse entre los mejores de la doble fecha.<\/p>\n\n\n\n<p>No fue bueno el retorno del otro sampedrino de la categor\u00eda, Junior Solmi, quien por un desperfecto en el auto se&nbsp;alej\u00f3 de todo tipo de posibilidades.<\/p>\n\n\n\n<p>La pr\u00f3xima&nbsp;fecha se&nbsp;disputar\u00e1 el fin de semana que viene tambi\u00e9n en La Plata.<\/p>\n\n\n\n<p>Fernando \u00abMorro\u00bb Iglesias (Chevrolet TCM #166): \u00abUn fin de semana muy dif\u00edcil para nosotros, que hasta se torn\u00f3 en parte \u00e9pico para poder lograr la clasificaci\u00f3n a la Copa de Oro, con dos carreras en las cuales tuvimos que avanzar para lograr el objetivo. A ello debemos sumarle que en esta \u00faltima, tuvimos tanto en la serie donde nos complicamos adem\u00e1s entrando a boxes cuando se larg\u00f3 a llover, como en la final en la que largamos desde el fondo, una falla nos dejaba con el motor en cinco cilindros, por lo cual no pude hacer nada para atacar y el objetivo fue terminar la carrera y mantenerme en pista. Por las situaciones que se fueron dando con una pista complicada, pudimos avanzar y cerrar otra buena carrera que nos permiti\u00f3 entrar traquilos a la Copa de Oro. De todas maneras deberemos trabajar mucho en estos pocos d\u00edas tanto en el auto como la parte de motor si queremos pelear bien de lleno por el campeonato. Muy agradecido a todos los sponsor y amigos que nos permiten correr y nuevamente llegar a esta posibilidad de pelear por el uno en una categor\u00eda tan dif\u00edcil como es el TC Mouras. Daremos todo para llegar en las mejores condiciones al fin de semana que viene\u00bb.\u00a0\u00a0\u00a0\u00a0<\/p>\n\n\n\n<p>Fuente: <a href=\"https:\/\/www.sanpedroinforma.com.ar\/nota\/123752\/deportes\/tc-mouras-morro-iglesias-ingreso-a-la-copa-de-oro.html\">San Pedro Informa<\/a><\/p>\n","protected":false},"excerpt":{"rendered":"<p>En la doble fecha del fin de semana el piloto sampedrino no la tuvo f\u00e1cil pero supo resolverla y meterse en la definici\u00f3n del campeonato. El s\u00e1bado fue 12do. el s\u00e1bado y el domingo 13ro. Era un fin de semana de definiciones y Fernando \u00abMorro\u00bb Iglesias deb\u00eda sumar los puntos necesarios que le permitieran ingresar [&hellip;]<\/p>\n","protected":false},"author":4,"featured_media":82718,"comment_status":"open","ping_status":"closed","sticky":false,"template":"","format":"standard","meta":{"om_disable_all_campaigns":false,"_jetpack_memberships_contains_paid_content":false,"footnotes":""},"categories":[50,101,2],"tags":[197,696,33],"class_list":["post-82717","post","type-post","status-publish","format-standard","has-post-thumbnail","hentry","category-destacadas","category-interes-general-locales","category-locales","tag-buenos-aires","tag-interes-general","tag-locales"],"aioseo_notices":[],"gutentor_comment":0,"jetpack_featured_media_url":"https:\/\/eldiariodesanpedro.com.ar\/sitio\/wp-content\/uploads\/2020\/10\/000087794.jpg","jetpack_shortlink":"https:\/\/wp.me\/p6RhLt-lw9","jetpack_sharing_enabled":true,"_links":{"self":[{"href":"https:\/\/eldiariodesanpedro.com.ar\/sitio\/wp-json\/wp\/v2\/posts\/82717","targetHints":{"allow":["GET"]}}],"collection":[{"href":"https:\/\/eldiariodesanpedro.com.ar\/sitio\/wp-json\/wp\/v2\/posts"}],"about":[{"href":"https:\/\/eldiariodesanpedro.com.ar\/sitio\/wp-json\/wp\/v2\/types\/post"}],"author":[{"embeddable":true,"href":"https:\/\/eldiariodesanpedro.com.ar\/sitio\/wp-json\/wp\/v2\/users\/4"}],"replies":[{"embeddable":true,"href":"https:\/\/eldiariodesanpedro.com.ar\/sitio\/wp-json\/wp\/v2\/comments?post=82717"}],"version-history":[{"count":1,"href":"https:\/\/eldiariodesanpedro.com.ar\/sitio\/wp-json\/wp\/v2\/posts\/82717\/revisions"}],"predecessor-version":[{"id":82719,"href":"https:\/\/eldiariodesanpedro.com.ar\/sitio\/wp-json\/wp\/v2\/posts\/82717\/revisions\/82719"}],"wp:featuredmedia":[{"embeddable":true,"href":"https:\/\/eldiariodesanpedro.com.ar\/sitio\/wp-json\/wp\/v2\/media\/82718"}],"wp:attachment":[{"href":"https:\/\/eldiariodesanpedro.com.ar\/sitio\/wp-json\/wp\/v2\/media?parent=82717"}],"wp:term":[{"taxonomy":"category","embeddable":true,"href":"https:\/\/eldiariodesanpedro.com.ar\/sitio\/wp-json\/wp\/v2\/categories?post=82717"},{"taxonomy":"post_tag","embeddable":true,"href":"https:\/\/eldiariodesanpedro.com.ar\/sitio\/wp-json\/wp\/v2\/tags?post=82717"}],"curies":[{"name":"wp","href":"https:\/\/api.w.org\/{rel}","templated":true}]}}