{"id":82698,"date":"2020-10-24T11:26:24","date_gmt":"2020-10-24T14:26:24","guid":{"rendered":"https:\/\/eldiariodesanpedro.com.ar\/sitio\/?p=82698"},"modified":"2020-10-24T11:26:29","modified_gmt":"2020-10-24T14:26:29","slug":"paritarias-judiciales-rechazaron-la-nueva-oferta","status":"publish","type":"post","link":"https:\/\/eldiariodesanpedro.com.ar\/sitio\/paritarias-judiciales-rechazaron-la-nueva-oferta\/","title":{"rendered":"Paritarias: Judiciales rechazaron la nueva oferta"},"content":{"rendered":"<!-- VideographyWP Plugin Message: Automatic video embedding prevented by plugin options. -->\n\n<p>La AJB rechaz\u00f3 la oferta del 14% para los judiciales que realiz\u00f3 el gobierno bonaerense y convoc\u00f3 a un nuevo paro para la semana que viene.<\/p>\n\n\n\n<p>La\u00a0Asociaci\u00f3n Judicial Bonaerense (AJB)\u00a0rechaz\u00f3 la oferta paritaria que realiz\u00f3 la Provincia para los trabajadores\u00a0judiciales\u00a0y convoc\u00f3 nuevamente a un paro para la semana que viene.<\/p>\n\n\n\n<p>\u00abEl gobierno hizo una propuesta casi id\u00e9ntica a la anterior\u00bb, manifestaron desde la&nbsp;AJB. Antes del encuentro manifestaron que pretend\u00edan una&nbsp;paritaria&nbsp;que supere la inflaci\u00f3n. La oferta del gobierno fue de un aumento retroactivo del 12% para septiembre, 2% para octubre, y reabrir paritarias en diciembre.<\/p>\n\n\n\n<p>En la reuni\u00f3n anterior, desde el&nbsp;Ministerio de Trabajo&nbsp;hab\u00edan ofrecido un aumento del 10% a partir del de septiembre, 2% en octubre y 2% en noviembre. A eso se le suma el 9% acordado en marzo, para totalizar el&nbsp;23% de aumento en 2020. Esta vez, , la Provincia estir\u00f3 un 2% m\u00e1s la oferta, pero nuevamente fue rechazada.<\/p>\n\n\n\n<p>\u00abEsta propuesta no solo no equipara la inflaci\u00f3n, sino que tambi\u00e9n incrementa la brecha entre el aumento ofrecido y la inflaci\u00f3n proyectada para los \u00faltimos meses del a\u00f1o\u00bb, sostuvieron los judiciales. Por ese motivo, realizar\u00e1n el pr\u00f3ximo martes 27 un paro tanto para quienes realizan actividades presenciales, como para quienes desarrollan tareas virtuales. La medida de fuerza se iba a realizar ayer, pero el llamado de la Provincia a la negociaci\u00f3n de hoy culmin\u00f3 con la suspensi\u00f3n de la misma.<\/p>\n\n\n\n<p>Por \u00faltimo, la conducci\u00f3n provincial de la&nbsp;AJB&nbsp;dispuso \u00abla realizaci\u00f3n de asambleas en los diecinueve departamentos judiciales los d\u00edas mi\u00e9rcoles y jueves de la semana pr\u00f3xima\u00bb, seg\u00fan informaron en un comunicado.<\/p>\n\n\n\n<p>Sin la ministra de Trabajo, Mara Ruiz&nbsp;Malec, que estuvo abocada a una campa\u00f1a de donaci\u00f3n de sangre junto a distintos sindicatos, y a la reuni\u00f3n de&nbsp;Kicillof&nbsp;con Daniel Arroyo, la reuni\u00f3n paritaria fue encabezada por la directora provincial de la Negociaci\u00f3n Colectiva, Natalia Villalba Lastra, y tambi\u00e9n particip\u00f3 el subsecretario de Coordinaci\u00f3n Econ\u00f3mica y Estad\u00edstica, Nicol\u00e1s&nbsp;Todesca.<\/p>\n\n\n\n<p>Fuente: Infocielo<\/p>\n","protected":false},"excerpt":{"rendered":"<p>La AJB rechaz\u00f3 la oferta del 14% para los judiciales que realiz\u00f3 el gobierno bonaerense y convoc\u00f3 a un nuevo paro para la semana que viene. La\u00a0Asociaci\u00f3n Judicial Bonaerense (AJB)\u00a0rechaz\u00f3 la oferta paritaria que realiz\u00f3 la Provincia para los trabajadores\u00a0judiciales\u00a0y convoc\u00f3 nuevamente a un paro para la semana que viene. \u00abEl gobierno hizo una propuesta [&hellip;]<\/p>\n","protected":false},"author":4,"featured_media":82699,"comment_status":"open","ping_status":"closed","sticky":false,"template":"","format":"standard","meta":{"om_disable_all_campaigns":false,"_jetpack_memberships_contains_paid_content":false,"footnotes":""},"categories":[621],"tags":[197,1343,681],"class_list":["post-82698","post","type-post","status-publish","format-standard","has-post-thumbnail","hentry","category-regionales","tag-buenos-aires","tag-provinciales","tag-regionales"],"aioseo_notices":[],"gutentor_comment":0,"jetpack_featured_media_url":"https:\/\/eldiariodesanpedro.com.ar\/sitio\/wp-content\/uploads\/2020\/10\/000087770.jpg","jetpack_shortlink":"https:\/\/wp.me\/p6RhLt-lvQ","jetpack_sharing_enabled":true,"_links":{"self":[{"href":"https:\/\/eldiariodesanpedro.com.ar\/sitio\/wp-json\/wp\/v2\/posts\/82698","targetHints":{"allow":["GET"]}}],"collection":[{"href":"https:\/\/eldiariodesanpedro.com.ar\/sitio\/wp-json\/wp\/v2\/posts"}],"about":[{"href":"https:\/\/eldiariodesanpedro.com.ar\/sitio\/wp-json\/wp\/v2\/types\/post"}],"author":[{"embeddable":true,"href":"https:\/\/eldiariodesanpedro.com.ar\/sitio\/wp-json\/wp\/v2\/users\/4"}],"replies":[{"embeddable":true,"href":"https:\/\/eldiariodesanpedro.com.ar\/sitio\/wp-json\/wp\/v2\/comments?post=82698"}],"version-history":[{"count":1,"href":"https:\/\/eldiariodesanpedro.com.ar\/sitio\/wp-json\/wp\/v2\/posts\/82698\/revisions"}],"predecessor-version":[{"id":82700,"href":"https:\/\/eldiariodesanpedro.com.ar\/sitio\/wp-json\/wp\/v2\/posts\/82698\/revisions\/82700"}],"wp:featuredmedia":[{"embeddable":true,"href":"https:\/\/eldiariodesanpedro.com.ar\/sitio\/wp-json\/wp\/v2\/media\/82699"}],"wp:attachment":[{"href":"https:\/\/eldiariodesanpedro.com.ar\/sitio\/wp-json\/wp\/v2\/media?parent=82698"}],"wp:term":[{"taxonomy":"category","embeddable":true,"href":"https:\/\/eldiariodesanpedro.com.ar\/sitio\/wp-json\/wp\/v2\/categories?post=82698"},{"taxonomy":"post_tag","embeddable":true,"href":"https:\/\/eldiariodesanpedro.com.ar\/sitio\/wp-json\/wp\/v2\/tags?post=82698"}],"curies":[{"name":"wp","href":"https:\/\/api.w.org\/{rel}","templated":true}]}}