{"id":82695,"date":"2020-10-24T11:22:35","date_gmt":"2020-10-24T14:22:35","guid":{"rendered":"https:\/\/eldiariodesanpedro.com.ar\/sitio\/?p=82695"},"modified":"2020-10-24T11:22:39","modified_gmt":"2020-10-24T14:22:39","slug":"kicillof-anuncio-nuevas-aperturas-condicionadas-a-la-baja-de-casos","status":"publish","type":"post","link":"https:\/\/eldiariodesanpedro.com.ar\/sitio\/kicillof-anuncio-nuevas-aperturas-condicionadas-a-la-baja-de-casos\/","title":{"rendered":"Kicillof anunci\u00f3 nuevas aperturas, condicionadas a la baja de casos"},"content":{"rendered":"<!-- VideographyWP Plugin Message: Automatic video embedding prevented by plugin options. -->\n\n<p>El gobernador de Buenos Aires,\u00a0Axel Kicillof, anunci\u00f3 este viernes que si durante la pr\u00f3xima semana los casos de Covid-19 se mantienen en baja en la provincia, a partir del lunes 2 de noviembre\u00a0se habilitar\u00e1n los negocios en los centros comerciales, nuevos deportes al aire libre y la ampliaci\u00f3n de la construcci\u00f3n privada.<\/p>\n\n\n\n<p>\u00abSi durante la pr\u00f3xima semana los casos siguen descendiendo, vamos a avanzar a una nueva etapa, en la que se van a permitir locales comerciales en centros comerciales, solo locales, no patios de comidas\u00bb, explic\u00f3 Kicillof.<\/p>\n\n\n\n<p>El mandatario provincial tambi\u00e9n detall\u00f3 que se habilitar\u00e1n\u00a0\u00abensayos y asistencias de artistas a sus estudios; talleres culturales; ampliaci\u00f3n de la construcci\u00f3n privada; y deportes al aire libre\u00bb.<\/p>\n\n\n\n<p>Sobre las clases, Kicillof explic\u00f3 que&nbsp;hay 15 distritos que se encuentran en riesgo bajo y que est\u00e1n en condiciones de volver a las escuelas con actividades de revinculaci\u00f3n&nbsp;y detall\u00f3 que el resto lo ir\u00e1 haciendo a medida que bajen los casos.<\/p>\n\n\n\n<p>\u00abEstamos buscando formas de volver a la presencialidad de a poco\u00bb, indic\u00f3 el mandatario provincial, aunque aclar\u00f3 que ser\u00e1 \u00abmuy cuidadoso\u00bb.<\/p>\n\n\n\n<p>El gobernador provincial recalc\u00f3 que los casos de&nbsp;coronavirus&nbsp;registran \u00absiete semanas consecutivas\u00bb de descenso. En tanto, apunt\u00f3 al ex presidente Mauricio Macri y a la oposici\u00f3n que -a su entender- \u00abtodav\u00eda no entendi\u00f3 que no es un a\u00f1o electoral\u00bb.<\/p>\n\n\n\n<p>\u00abHay parte de la oposici\u00f3n que todav\u00eda no entendi\u00f3 que no es un a\u00f1o electoral, es un a\u00f1o de pandemia y tenemos que hacer lo posible para mantenernos unidos\u00bb, resalt\u00f3 el mandatario bonaerense.<\/p>\n\n\n\n<p>Sobre Macri, expres\u00f3: \u00abLo veo al ex presidente, con el da\u00f1o que hizo, y suena raro que intenten darnos consejos\u00bb.<\/p>\n\n\n\n<p>\u00abTambi\u00e9n lo digo por las peleas absolutamente absurdas en las que nos quieren hacer perder el tiempo. No es un momento para enfrentamientos inconducentes y tratar de sacar ventaja. No voy a caer en provocaciones\u00bb, enfatiz\u00f3.<\/p>\n\n\n\n<p>Fuente: Diario Popular<\/p>\n","protected":false},"excerpt":{"rendered":"<p>El gobernador de Buenos Aires,\u00a0Axel Kicillof, anunci\u00f3 este viernes que si durante la pr\u00f3xima semana los casos de Covid-19 se mantienen en baja en la provincia, a partir del lunes 2 de noviembre\u00a0se habilitar\u00e1n los negocios en los centros comerciales, nuevos deportes al aire libre y la ampliaci\u00f3n de la construcci\u00f3n privada. \u00abSi durante la [&hellip;]<\/p>\n","protected":false},"author":4,"featured_media":82696,"comment_status":"open","ping_status":"closed","sticky":false,"template":"","format":"standard","meta":{"om_disable_all_campaigns":false,"_jetpack_memberships_contains_paid_content":false,"footnotes":""},"categories":[101,2],"tags":[197,696,33],"class_list":["post-82695","post","type-post","status-publish","format-standard","has-post-thumbnail","hentry","category-interes-general-locales","category-locales","tag-buenos-aires","tag-interes-general","tag-locales"],"aioseo_notices":[],"gutentor_comment":0,"jetpack_featured_media_url":"https:\/\/eldiariodesanpedro.com.ar\/sitio\/wp-content\/uploads\/2020\/10\/000087762.jpg","jetpack_shortlink":"https:\/\/wp.me\/p6RhLt-lvN","jetpack_sharing_enabled":true,"_links":{"self":[{"href":"https:\/\/eldiariodesanpedro.com.ar\/sitio\/wp-json\/wp\/v2\/posts\/82695","targetHints":{"allow":["GET"]}}],"collection":[{"href":"https:\/\/eldiariodesanpedro.com.ar\/sitio\/wp-json\/wp\/v2\/posts"}],"about":[{"href":"https:\/\/eldiariodesanpedro.com.ar\/sitio\/wp-json\/wp\/v2\/types\/post"}],"author":[{"embeddable":true,"href":"https:\/\/eldiariodesanpedro.com.ar\/sitio\/wp-json\/wp\/v2\/users\/4"}],"replies":[{"embeddable":true,"href":"https:\/\/eldiariodesanpedro.com.ar\/sitio\/wp-json\/wp\/v2\/comments?post=82695"}],"version-history":[{"count":1,"href":"https:\/\/eldiariodesanpedro.com.ar\/sitio\/wp-json\/wp\/v2\/posts\/82695\/revisions"}],"predecessor-version":[{"id":82697,"href":"https:\/\/eldiariodesanpedro.com.ar\/sitio\/wp-json\/wp\/v2\/posts\/82695\/revisions\/82697"}],"wp:featuredmedia":[{"embeddable":true,"href":"https:\/\/eldiariodesanpedro.com.ar\/sitio\/wp-json\/wp\/v2\/media\/82696"}],"wp:attachment":[{"href":"https:\/\/eldiariodesanpedro.com.ar\/sitio\/wp-json\/wp\/v2\/media?parent=82695"}],"wp:term":[{"taxonomy":"category","embeddable":true,"href":"https:\/\/eldiariodesanpedro.com.ar\/sitio\/wp-json\/wp\/v2\/categories?post=82695"},{"taxonomy":"post_tag","embeddable":true,"href":"https:\/\/eldiariodesanpedro.com.ar\/sitio\/wp-json\/wp\/v2\/tags?post=82695"}],"curies":[{"name":"wp","href":"https:\/\/api.w.org\/{rel}","templated":true}]}}