{"id":82639,"date":"2020-10-23T18:21:47","date_gmt":"2020-10-23T21:21:47","guid":{"rendered":"https:\/\/eldiariodesanpedro.com.ar\/sitio\/?p=82639"},"modified":"2020-10-23T18:21:51","modified_gmt":"2020-10-23T21:21:51","slug":"visita-de-autoridades-nacionales-de-la-federacion-de-trabajadores-de-luz-y-fuerza","status":"publish","type":"post","link":"https:\/\/eldiariodesanpedro.com.ar\/sitio\/visita-de-autoridades-nacionales-de-la-federacion-de-trabajadores-de-luz-y-fuerza\/","title":{"rendered":"Visita de autoridades nacionales de la Federaci\u00f3n de Trabajadores de Luz y Fuerza"},"content":{"rendered":"<!-- VideographyWP Plugin Message: Automatic video embedding prevented by plugin options. -->\n\n<p>El Intendente Cecilio Salazar recibi\u00f3 el jueves 22 en su despacho a autoridades nacionales de la Federaci\u00f3n Argentina de Trabajadores de Luz y Fuerza, quienes llegaron acompa\u00f1adas por miembros del Consorcio de Gesti\u00f3n del Puerto de San Pedro.<\/p>\n\n\n\n<p>Guillermo Moser Secretario General de la Federaci\u00f3n de Trabajadores de Luz y Fuerza, Alfredo Romero Sub Secretario General de la Fatlyf y Sergio Men\u00e9ndez Secretario de Turismo Social de la Federaci\u00f3n, fueron parte de una charla en la que se tocaron diferentes temas relacionados con el desarrollo tur\u00edstico que este importante gremio nacional, gestiona sobre los terrenos que hoy conforman el Camping Mansa LYFE.<\/p>\n\n\n\n<p>El presidente del Consorcio Eliseo Almada y el director (en representaci\u00f3n gremial) Mat\u00edas Franco tambi\u00e9n participaron de este encuentro sumamente importante ante la proximidad de una temporada de caracter\u00edsticas particulares por los efectos de la Pandemia de Covid-19.<\/p>\n\n\n\n<p>En la charla se analizaron acciones tendientes a respaldar todas aquellas propuestas que puedan servir para consolidar la oferta y el desarrollo la infraestructura con la que cuenta San Pedro en ese sector de la ribera.<br>El movimiento que aporta el turismo sindical es muy importante y adem\u00e1s del v\u00ednculo actual que existe entre el gremio con nuestra zona, se analizaron inquietudes relacionadas con perspectivas de mediano plazo que podr\u00edan potenciar este atractivo.<\/p>\n\n\n\n<figure class=\"wp-block-image size-large\"><img decoding=\"async\" width=\"1024\" height=\"609\" data-attachment-id=\"82641\" data-permalink=\"https:\/\/eldiariodesanpedro.com.ar\/sitio\/visita-de-autoridades-nacionales-de-la-federacion-de-trabajadores-de-luz-y-fuerza\/bi4a7953\/\" data-orig-file=\"https:\/\/eldiariodesanpedro.com.ar\/sitio\/wp-content\/uploads\/2020\/10\/BI4A7953-scaled.jpg\" data-orig-size=\"2560,1523\" data-comments-opened=\"1\" data-image-meta=\"{&quot;aperture&quot;:&quot;4&quot;,&quot;credit&quot;:&quot;&quot;,&quot;camera&quot;:&quot;Canon EOS 5D Mark III&quot;,&quot;caption&quot;:&quot;&quot;,&quot;created_timestamp&quot;:&quot;1611054638&quot;,&quot;copyright&quot;:&quot;&quot;,&quot;focal_length&quot;:&quot;24&quot;,&quot;iso&quot;:&quot;1600&quot;,&quot;shutter_speed&quot;:&quot;0.016666666666667&quot;,&quot;title&quot;:&quot;&quot;,&quot;orientation&quot;:&quot;0&quot;}\" data-image-title=\"BI4A7953\" data-image-description=\"\" data-image-caption=\"\" data-large-file=\"https:\/\/eldiariodesanpedro.com.ar\/sitio\/wp-content\/uploads\/2020\/10\/BI4A7953-1024x609.jpg\" data-src=\"https:\/\/eldiariodesanpedro.com.ar\/sitio\/wp-content\/uploads\/2020\/10\/BI4A7953-1024x609.jpg\" alt=\"\" class=\"wp-image-82641 lazyload\" data-srcset=\"https:\/\/eldiariodesanpedro.com.ar\/sitio\/wp-content\/uploads\/2020\/10\/BI4A7953-1024x609.jpg 1024w, https:\/\/eldiariodesanpedro.com.ar\/sitio\/wp-content\/uploads\/2020\/10\/BI4A7953-300x179.jpg 300w, https:\/\/eldiariodesanpedro.com.ar\/sitio\/wp-content\/uploads\/2020\/10\/BI4A7953-768x457.jpg 768w, https:\/\/eldiariodesanpedro.com.ar\/sitio\/wp-content\/uploads\/2020\/10\/BI4A7953-1536x914.jpg 1536w, https:\/\/eldiariodesanpedro.com.ar\/sitio\/wp-content\/uploads\/2020\/10\/BI4A7953-2048x1219.jpg 2048w\" data-sizes=\"(max-width: 1024px) 100vw, 1024px\" src=\"data:image\/svg+xml;base64,PHN2ZyB3aWR0aD0iMSIgaGVpZ2h0PSIxIiB4bWxucz0iaHR0cDovL3d3dy53My5vcmcvMjAwMC9zdmciPjwvc3ZnPg==\" style=\"--smush-placeholder-width: 1024px; --smush-placeholder-aspect-ratio: 1024\/609;\" \/><\/figure>\n\n\n\n<figure class=\"wp-block-image size-large\"><img decoding=\"async\" width=\"1024\" height=\"634\" data-attachment-id=\"82640\" data-permalink=\"https:\/\/eldiariodesanpedro.com.ar\/sitio\/visita-de-autoridades-nacionales-de-la-federacion-de-trabajadores-de-luz-y-fuerza\/bi4a7957\/\" data-orig-file=\"https:\/\/eldiariodesanpedro.com.ar\/sitio\/wp-content\/uploads\/2020\/10\/BI4A7957-scaled.jpg\" data-orig-size=\"2560,1584\" data-comments-opened=\"1\" data-image-meta=\"{&quot;aperture&quot;:&quot;4&quot;,&quot;credit&quot;:&quot;&quot;,&quot;camera&quot;:&quot;Canon EOS 5D Mark III&quot;,&quot;caption&quot;:&quot;&quot;,&quot;created_timestamp&quot;:&quot;1611054674&quot;,&quot;copyright&quot;:&quot;&quot;,&quot;focal_length&quot;:&quot;24&quot;,&quot;iso&quot;:&quot;1600&quot;,&quot;shutter_speed&quot;:&quot;0.016666666666667&quot;,&quot;title&quot;:&quot;&quot;,&quot;orientation&quot;:&quot;0&quot;}\" data-image-title=\"BI4A7957\" data-image-description=\"\" data-image-caption=\"\" data-large-file=\"https:\/\/eldiariodesanpedro.com.ar\/sitio\/wp-content\/uploads\/2020\/10\/BI4A7957-1024x634.jpg\" data-src=\"https:\/\/eldiariodesanpedro.com.ar\/sitio\/wp-content\/uploads\/2020\/10\/BI4A7957-1024x634.jpg\" alt=\"\" class=\"wp-image-82640 lazyload\" data-srcset=\"https:\/\/eldiariodesanpedro.com.ar\/sitio\/wp-content\/uploads\/2020\/10\/BI4A7957-1024x634.jpg 1024w, https:\/\/eldiariodesanpedro.com.ar\/sitio\/wp-content\/uploads\/2020\/10\/BI4A7957-300x186.jpg 300w, https:\/\/eldiariodesanpedro.com.ar\/sitio\/wp-content\/uploads\/2020\/10\/BI4A7957-768x475.jpg 768w, https:\/\/eldiariodesanpedro.com.ar\/sitio\/wp-content\/uploads\/2020\/10\/BI4A7957-1536x950.jpg 1536w, https:\/\/eldiariodesanpedro.com.ar\/sitio\/wp-content\/uploads\/2020\/10\/BI4A7957-2048x1267.jpg 2048w\" data-sizes=\"(max-width: 1024px) 100vw, 1024px\" src=\"data:image\/svg+xml;base64,PHN2ZyB3aWR0aD0iMSIgaGVpZ2h0PSIxIiB4bWxucz0iaHR0cDovL3d3dy53My5vcmcvMjAwMC9zdmciPjwvc3ZnPg==\" style=\"--smush-placeholder-width: 1024px; --smush-placeholder-aspect-ratio: 1024\/634;\" \/><\/figure>\n","protected":false},"excerpt":{"rendered":"<p>El Intendente Cecilio Salazar recibi\u00f3 el jueves 22 en su despacho a autoridades nacionales de la Federaci\u00f3n Argentina de Trabajadores de Luz y Fuerza, quienes llegaron acompa\u00f1adas por miembros del Consorcio de Gesti\u00f3n del Puerto de San Pedro. Guillermo Moser Secretario General de la Federaci\u00f3n de Trabajadores de Luz y Fuerza, Alfredo Romero Sub Secretario [&hellip;]<\/p>\n","protected":false},"author":4,"featured_media":82642,"comment_status":"open","ping_status":"closed","sticky":false,"template":"","format":"standard","meta":{"om_disable_all_campaigns":false,"_jetpack_memberships_contains_paid_content":false,"footnotes":""},"categories":[50,101,2],"tags":[197,696,33],"class_list":["post-82639","post","type-post","status-publish","format-standard","has-post-thumbnail","hentry","category-destacadas","category-interes-general-locales","category-locales","tag-buenos-aires","tag-interes-general","tag-locales"],"aioseo_notices":[],"gutentor_comment":0,"jetpack_featured_media_url":"https:\/\/eldiariodesanpedro.com.ar\/sitio\/wp-content\/uploads\/2020\/10\/BI4A7949-scaled.jpg","jetpack_shortlink":"https:\/\/wp.me\/p6RhLt-luT","jetpack_sharing_enabled":true,"_links":{"self":[{"href":"https:\/\/eldiariodesanpedro.com.ar\/sitio\/wp-json\/wp\/v2\/posts\/82639","targetHints":{"allow":["GET"]}}],"collection":[{"href":"https:\/\/eldiariodesanpedro.com.ar\/sitio\/wp-json\/wp\/v2\/posts"}],"about":[{"href":"https:\/\/eldiariodesanpedro.com.ar\/sitio\/wp-json\/wp\/v2\/types\/post"}],"author":[{"embeddable":true,"href":"https:\/\/eldiariodesanpedro.com.ar\/sitio\/wp-json\/wp\/v2\/users\/4"}],"replies":[{"embeddable":true,"href":"https:\/\/eldiariodesanpedro.com.ar\/sitio\/wp-json\/wp\/v2\/comments?post=82639"}],"version-history":[{"count":1,"href":"https:\/\/eldiariodesanpedro.com.ar\/sitio\/wp-json\/wp\/v2\/posts\/82639\/revisions"}],"predecessor-version":[{"id":82643,"href":"https:\/\/eldiariodesanpedro.com.ar\/sitio\/wp-json\/wp\/v2\/posts\/82639\/revisions\/82643"}],"wp:featuredmedia":[{"embeddable":true,"href":"https:\/\/eldiariodesanpedro.com.ar\/sitio\/wp-json\/wp\/v2\/media\/82642"}],"wp:attachment":[{"href":"https:\/\/eldiariodesanpedro.com.ar\/sitio\/wp-json\/wp\/v2\/media?parent=82639"}],"wp:term":[{"taxonomy":"category","embeddable":true,"href":"https:\/\/eldiariodesanpedro.com.ar\/sitio\/wp-json\/wp\/v2\/categories?post=82639"},{"taxonomy":"post_tag","embeddable":true,"href":"https:\/\/eldiariodesanpedro.com.ar\/sitio\/wp-json\/wp\/v2\/tags?post=82639"}],"curies":[{"name":"wp","href":"https:\/\/api.w.org\/{rel}","templated":true}]}}