{"id":82630,"date":"2020-10-23T11:48:43","date_gmt":"2020-10-23T14:48:43","guid":{"rendered":"https:\/\/eldiariodesanpedro.com.ar\/sitio\/?p=82630"},"modified":"2020-10-23T11:48:47","modified_gmt":"2020-10-23T14:48:47","slug":"marcela-cuner-participo-de-la-asamblea-extraordinaria-del-consejo-provincial","status":"publish","type":"post","link":"https:\/\/eldiariodesanpedro.com.ar\/sitio\/marcela-cuner-participo-de-la-asamblea-extraordinaria-del-consejo-provincial\/","title":{"rendered":"Marcela Cu\u00f1er participo de la Asamblea extraordinaria del Consejo Provincial"},"content":{"rendered":"<!-- VideographyWP Plugin Message: Automatic video embedding prevented by plugin options. -->\n\n<p>Con la presencia del Ministro de Producci\u00f3n, Ciencia e Innovaci\u00f3n de la provincia Augusto Costa, la Subsecretaria de gesti\u00f3n de la provincia Lic. Leticia Ceriani y los representantes de los polos tur\u00edsticos de la provincia se llev\u00f3 adelante la Asamblea extraordinaria.<\/p>\n\n\n\n<p>La vicepresidente del Polo II Lic. Marcela Cu\u00f1er, directora de turismo de la ciudad de San Pedro, asisti\u00f3 a la Asamblea extraordinaria del Consejo Provincial donde el tema m\u00e1s importante que se desarroll\u00f3 es la apertura de la temporada tur\u00edstica 2020\/2021 y los protocolos a tener en cuenta para poder realizar una apertura segura.<\/p>\n","protected":false},"excerpt":{"rendered":"<p>Con la presencia del Ministro de Producci\u00f3n, Ciencia e Innovaci\u00f3n de la provincia Augusto Costa, la Subsecretaria de gesti\u00f3n de la provincia Lic. Leticia Ceriani y los representantes de los polos tur\u00edsticos de la provincia se llev\u00f3 adelante la Asamblea extraordinaria. La vicepresidente del Polo II Lic. Marcela Cu\u00f1er, directora de turismo de la ciudad [&hellip;]<\/p>\n","protected":false},"author":4,"featured_media":82631,"comment_status":"open","ping_status":"closed","sticky":false,"template":"","format":"standard","meta":{"om_disable_all_campaigns":false,"_jetpack_memberships_contains_paid_content":false,"footnotes":""},"categories":[101,2],"tags":[],"class_list":["post-82630","post","type-post","status-publish","format-standard","has-post-thumbnail","hentry","category-interes-general-locales","category-locales"],"aioseo_notices":[],"gutentor_comment":0,"jetpack_featured_media_url":"https:\/\/eldiariodesanpedro.com.ar\/sitio\/wp-content\/uploads\/2020\/10\/Sin-titulo-1-15.jpg","jetpack_shortlink":"https:\/\/wp.me\/p6RhLt-luK","jetpack_sharing_enabled":true,"_links":{"self":[{"href":"https:\/\/eldiariodesanpedro.com.ar\/sitio\/wp-json\/wp\/v2\/posts\/82630","targetHints":{"allow":["GET"]}}],"collection":[{"href":"https:\/\/eldiariodesanpedro.com.ar\/sitio\/wp-json\/wp\/v2\/posts"}],"about":[{"href":"https:\/\/eldiariodesanpedro.com.ar\/sitio\/wp-json\/wp\/v2\/types\/post"}],"author":[{"embeddable":true,"href":"https:\/\/eldiariodesanpedro.com.ar\/sitio\/wp-json\/wp\/v2\/users\/4"}],"replies":[{"embeddable":true,"href":"https:\/\/eldiariodesanpedro.com.ar\/sitio\/wp-json\/wp\/v2\/comments?post=82630"}],"version-history":[{"count":1,"href":"https:\/\/eldiariodesanpedro.com.ar\/sitio\/wp-json\/wp\/v2\/posts\/82630\/revisions"}],"predecessor-version":[{"id":82632,"href":"https:\/\/eldiariodesanpedro.com.ar\/sitio\/wp-json\/wp\/v2\/posts\/82630\/revisions\/82632"}],"wp:featuredmedia":[{"embeddable":true,"href":"https:\/\/eldiariodesanpedro.com.ar\/sitio\/wp-json\/wp\/v2\/media\/82631"}],"wp:attachment":[{"href":"https:\/\/eldiariodesanpedro.com.ar\/sitio\/wp-json\/wp\/v2\/media?parent=82630"}],"wp:term":[{"taxonomy":"category","embeddable":true,"href":"https:\/\/eldiariodesanpedro.com.ar\/sitio\/wp-json\/wp\/v2\/categories?post=82630"},{"taxonomy":"post_tag","embeddable":true,"href":"https:\/\/eldiariodesanpedro.com.ar\/sitio\/wp-json\/wp\/v2\/tags?post=82630"}],"curies":[{"name":"wp","href":"https:\/\/api.w.org\/{rel}","templated":true}]}}