{"id":82628,"date":"2020-10-23T11:30:30","date_gmt":"2020-10-23T14:30:30","guid":{"rendered":"https:\/\/eldiariodesanpedro.com.ar\/sitio\/?p=82628"},"modified":"2020-10-23T11:30:34","modified_gmt":"2020-10-23T14:30:34","slug":"dos-aprehendidos-uno-por-paradero-activo-y-el-otro-por-tenencia-de-estupefacientes","status":"publish","type":"post","link":"https:\/\/eldiariodesanpedro.com.ar\/sitio\/dos-aprehendidos-uno-por-paradero-activo-y-el-otro-por-tenencia-de-estupefacientes\/","title":{"rendered":"Dos aprehendidos uno por paradero activo y el otro por tenencia de estupefacientes"},"content":{"rendered":"<!-- VideographyWP Plugin Message: Automatic video embedding prevented by plugin options. -->\n\n<p>En la jornada de ayer se logr\u00f3 la aprehensi\u00f3n de dos personas por tenencia de estupefacientes y otro por pedido de paradero activo.<\/p>\n\n\n\n<p>El personal policial de calle Auli y Benefactora Sampedrina procede al traslado a fines de recaudos legales de un joven de 22 a\u00f1os, a quien se le secuestr\u00f3 un cigarrillo de marihuana.&nbsp;<\/p>\n\n\n\n<p>Tambi\u00e9n el mismo d\u00eda en la calle Colon al 1900, se identific\u00f3 masculino 26 a\u00f1os, quien posee pedido de captura y paradero a solicitud de la Justicia de San Nicol\u00e1s, desde el a\u00f1o 2019 en el marco de una causa de ROBO.&nbsp;En ambos casos se cumplieron recaudos legales siendo trasladados a la comisar\u00eda local y posterior libertad.<\/p>\n","protected":false},"excerpt":{"rendered":"<p>En la jornada de ayer se logr\u00f3 la aprehensi\u00f3n de dos personas por tenencia de estupefacientes y otro por pedido de paradero activo. El personal policial de calle Auli y Benefactora Sampedrina procede al traslado a fines de recaudos legales de un joven de 22 a\u00f1os, a quien se le secuestr\u00f3 un cigarrillo de marihuana.&nbsp; [&hellip;]<\/p>\n","protected":false},"author":4,"featured_media":82047,"comment_status":"open","ping_status":"closed","sticky":false,"template":"","format":"standard","meta":{"om_disable_all_campaigns":false,"_jetpack_memberships_contains_paid_content":false,"footnotes":""},"categories":[2,103],"tags":[],"class_list":["post-82628","post","type-post","status-publish","format-standard","has-post-thumbnail","hentry","category-locales","category-policiales-locales"],"aioseo_notices":[],"gutentor_comment":0,"jetpack_featured_media_url":"https:\/\/eldiariodesanpedro.com.ar\/sitio\/wp-content\/uploads\/2020\/10\/20201009124832.jpg","jetpack_shortlink":"https:\/\/wp.me\/p6RhLt-luI","jetpack_sharing_enabled":true,"_links":{"self":[{"href":"https:\/\/eldiariodesanpedro.com.ar\/sitio\/wp-json\/wp\/v2\/posts\/82628","targetHints":{"allow":["GET"]}}],"collection":[{"href":"https:\/\/eldiariodesanpedro.com.ar\/sitio\/wp-json\/wp\/v2\/posts"}],"about":[{"href":"https:\/\/eldiariodesanpedro.com.ar\/sitio\/wp-json\/wp\/v2\/types\/post"}],"author":[{"embeddable":true,"href":"https:\/\/eldiariodesanpedro.com.ar\/sitio\/wp-json\/wp\/v2\/users\/4"}],"replies":[{"embeddable":true,"href":"https:\/\/eldiariodesanpedro.com.ar\/sitio\/wp-json\/wp\/v2\/comments?post=82628"}],"version-history":[{"count":1,"href":"https:\/\/eldiariodesanpedro.com.ar\/sitio\/wp-json\/wp\/v2\/posts\/82628\/revisions"}],"predecessor-version":[{"id":82629,"href":"https:\/\/eldiariodesanpedro.com.ar\/sitio\/wp-json\/wp\/v2\/posts\/82628\/revisions\/82629"}],"wp:featuredmedia":[{"embeddable":true,"href":"https:\/\/eldiariodesanpedro.com.ar\/sitio\/wp-json\/wp\/v2\/media\/82047"}],"wp:attachment":[{"href":"https:\/\/eldiariodesanpedro.com.ar\/sitio\/wp-json\/wp\/v2\/media?parent=82628"}],"wp:term":[{"taxonomy":"category","embeddable":true,"href":"https:\/\/eldiariodesanpedro.com.ar\/sitio\/wp-json\/wp\/v2\/categories?post=82628"},{"taxonomy":"post_tag","embeddable":true,"href":"https:\/\/eldiariodesanpedro.com.ar\/sitio\/wp-json\/wp\/v2\/tags?post=82628"}],"curies":[{"name":"wp","href":"https:\/\/api.w.org\/{rel}","templated":true}]}}